{"id":2943,"date":"2022-05-25T12:31:59","date_gmt":"2022-05-25T12:31:59","guid":{"rendered":"https:\/\/nousespais.es\/edificio-m28\/"},"modified":"2024-03-11T12:18:21","modified_gmt":"2024-03-11T12:18:21","slug":"edificio-m28","status":"publish","type":"post","link":"https:\/\/nousespais.es\/va\/edificio-m28\/","title":{"rendered":"Edificio M28"},"content":{"rendered":"\t\t<div data-elementor-type=\"wp-post\" data-elementor-id=\"2943\" class=\"elementor elementor-2943\" data-elementor-post-type=\"post\">\n\t\t\t\t\t\t<section class=\"elementor-section elementor-top-section elementor-element elementor-element-febe857 elementor-section-boxed elementor-section-height-default elementor-section-height-default\" data-id=\"febe857\" data-element_type=\"section\">\n\t\t\t\t\t\t<div class=\"elementor-container elementor-column-gap-default\">\n\t\t\t\t\t<div class=\"elementor-column elementor-col-100 elementor-top-column elementor-element elementor-element-39399928\" data-id=\"39399928\" data-element_type=\"column\">\n\t\t\t<div class=\"elementor-widget-wrap elementor-element-populated\">\n\t\t\t\t\t\t<section class=\"elementor-section elementor-inner-section elementor-element elementor-element-d1b5f33 elementor-section-height-min-height elementor-section-boxed elementor-section-height-default\" data-id=\"d1b5f33\" data-element_type=\"section\" data-settings=\"{&quot;background_background&quot;:&quot;classic&quot;}\">\n\t\t\t\t\t\t<div class=\"elementor-container elementor-column-gap-default\">\n\t\t\t\t\t<div class=\"elementor-column elementor-col-100 elementor-inner-column elementor-element elementor-element-0b42750\" data-id=\"0b42750\" data-element_type=\"column\">\n\t\t\t<div class=\"elementor-widget-wrap\">\n\t\t\t\t\t\t\t<\/div>\n\t\t<\/div>\n\t\t\t\t\t<\/div>\n\t\t<\/section>\n\t\t\t\t<div class=\"elementor-element elementor-element-543bfed5 elementor-widget elementor-widget-heading\" data-id=\"543bfed5\" data-element_type=\"widget\" data-widget_type=\"heading.default\">\n\t\t\t\t<div class=\"elementor-widget-container\">\n\t\t\t\t\t<h2 class=\"elementor-heading-title elementor-size-default\">Edifici M-28. Parc Central-2<\/h2>\t\t\t\t<\/div>\n\t\t\t\t<\/div>\n\t\t\t\t<div class=\"elementor-element elementor-element-571111b elementor-align-center elementor-icon-list--layout-traditional elementor-list-item-link-full_width elementor-widget elementor-widget-icon-list\" data-id=\"571111b\" data-element_type=\"widget\" data-widget_type=\"icon-list.default\">\n\t\t\t\t<div class=\"elementor-widget-container\">\n\t\t\t\t\t\t\t<ul class=\"elementor-icon-list-items\">\n\t\t\t\t\t\t\t<li class=\"elementor-icon-list-item\">\n\t\t\t\t\t\t\t\t\t\t\t<span class=\"elementor-icon-list-icon\">\n\t\t\t\t\t\t\t<i aria-hidden=\"true\" class=\"fas fa-map-marker-alt\"><\/i>\t\t\t\t\t\t<\/span>\n\t\t\t\t\t\t\t\t\t\t<span class=\"elementor-icon-list-text\">C\/ Santa Mar\u00eda Mazzarello, 3<\/span>\n\t\t\t\t\t\t\t\t\t<\/li>\n\t\t\t\t\t\t<\/ul>\n\t\t\t\t\t\t<\/div>\n\t\t\t\t<\/div>\n\t\t\t\t<div class=\"elementor-element elementor-element-73e0987c elementor-widget elementor-widget-text-editor\" data-id=\"73e0987c\" data-element_type=\"widget\" data-widget_type=\"text-editor.default\">\n\t\t\t\t<div class=\"elementor-widget-container\">\n\t\t\t\t\t\t\t\t\t<p>78 Vivendes protegides d&#8217;1, 2, 3 i 4 dormitoris, totes elles amb pla\u00e7a d&#8217;aparcament i traster vinculats.&nbsp;<\/p>\n<p>El M-28 \u00e9s un edifici situat en Parc Central-2, una de les zones d&#8217;expansi\u00f3 de la ciutat de Torrent, comunicat amb la ciutat de Val\u00e8ncia a 15 minuts per autovia directa, i molt prop de l&#8217;Estaci\u00f3 de Metro.<\/p>\n<p>Situat al costat de la nova Universitat Cat\u00f2lica, i entre el Parc de Tr\u00e8nor, -un dels grans pulmons de la ciutat-, i la Ciutat de l&#8217;Esport i Poliesportiu de Torrent.<\/p>\n<p>Compta amb una \u00e0mplia zona interior privada amb jocs infantils i amb uns acabats immillorables.<\/p>\n<p>Cal destacar que la promoci\u00f3 compta amb el distintiu PERFIL DE QUALITAT d&#8217;estalvi d&#8217;energia i sostenibilitat, concedit per l&#8217;Institut Valenci\u00e0 de l&#8217;Edificaci\u00f3, amb la qualificaci\u00f3 m\u00e9s alta possible.<\/p>\n<p>Les vivendes tenen preinstal\u00b7laci\u00f3 d&#8217;aire condicionat fred\/calor per conductes en tota la vivenda, videoporter electr\u00f2nic, plaques solars per a l&#8217;abastiment d&#8217;aigua calenta a les vivendes i arreplega pneum\u00e0tica de residus s\u00f2lids urbans, dins i fora de la zona com\u00fa.<\/p>\t\t\t\t\t\t\t\t<\/div>\n\t\t\t\t<\/div>\n\t\t\t\t<div class=\"elementor-element elementor-element-33560d41 elementor-align-left elementor-widget elementor-widget-button\" data-id=\"33560d41\" data-element_type=\"widget\" data-widget_type=\"button.default\">\n\t\t\t\t<div class=\"elementor-widget-container\">\n\t\t\t\t\t\t\t\t\t<div class=\"elementor-button-wrapper\">\n\t\t\t\t\t<a class=\"elementor-button elementor-size-sm\" role=\"button\">\n\t\t\t\t\t\t<span class=\"elementor-button-content-wrapper\">\n\t\t\t\t\t\t\t\t\t<span class=\"elementor-button-text\">No hi han Immobles Disponibles<\/span>\n\t\t\t\t\t<\/span>\n\t\t\t\t\t<\/a>\n\t\t\t\t<\/div>\n\t\t\t\t\t\t\t\t<\/div>\n\t\t\t\t<\/div>\n\t\t\t\t<section class=\"elementor-section elementor-inner-section elementor-element elementor-element-30378b1c elementor-section-boxed elementor-section-height-default elementor-section-height-default\" data-id=\"30378b1c\" data-element_type=\"section\">\n\t\t\t\t\t\t<div class=\"elementor-container elementor-column-gap-default\">\n\t\t\t\t\t<div class=\"elementor-column elementor-col-33 elementor-inner-column elementor-element elementor-element-77fff260\" data-id=\"77fff260\" data-element_type=\"column\">\n\t\t\t<div class=\"elementor-widget-wrap elementor-element-populated\">\n\t\t\t\t\t\t<div class=\"elementor-element elementor-element-ef3f128 elementor-widget elementor-widget-image\" data-id=\"ef3f128\" data-element_type=\"widget\" data-widget_type=\"image.default\">\n\t\t\t\t<div class=\"elementor-widget-container\">\n\t\t\t\t\t\t\t\t\t\t\t\t\t\t\t<img fetchpriority=\"high\" decoding=\"async\" width=\"800\" height=\"600\" src=\"https:\/\/nousespais.es\/wp-content\/uploads\/2022\/05\/m-28-zona-comun-5-1024x768.webp\" class=\"attachment-large size-large wp-image-1706\" alt=\"\" srcset=\"https:\/\/nousespais.es\/wp-content\/uploads\/2022\/05\/m-28-zona-comun-5-1024x768.webp 1024w, https:\/\/nousespais.es\/wp-content\/uploads\/2022\/05\/m-28-zona-comun-5-300x225.webp 300w, https:\/\/nousespais.es\/wp-content\/uploads\/2022\/05\/m-28-zona-comun-5-768x576.webp 768w, https:\/\/nousespais.es\/wp-content\/uploads\/2022\/05\/m-28-zona-comun-5.webp 1400w\" sizes=\"(max-width: 800px) 100vw, 800px\" \/>\t\t\t\t\t\t\t\t\t\t\t\t\t\t\t<\/div>\n\t\t\t\t<\/div>\n\t\t\t\t\t<\/div>\n\t\t<\/div>\n\t\t\t\t<div class=\"elementor-column elementor-col-33 elementor-inner-column elementor-element elementor-element-55774257\" data-id=\"55774257\" data-element_type=\"column\">\n\t\t\t<div class=\"elementor-widget-wrap elementor-element-populated\">\n\t\t\t\t\t\t<div class=\"elementor-element elementor-element-2a00137b elementor-widget elementor-widget-image\" data-id=\"2a00137b\" data-element_type=\"widget\" data-widget_type=\"image.default\">\n\t\t\t\t<div class=\"elementor-widget-container\">\n\t\t\t\t\t\t\t\t\t\t\t\t\t\t\t<img decoding=\"async\" width=\"800\" height=\"600\" src=\"https:\/\/nousespais.es\/wp-content\/uploads\/2022\/05\/m-28.webp\" class=\"attachment-large size-large wp-image-2757\" alt=\"\" srcset=\"https:\/\/nousespais.es\/wp-content\/uploads\/2022\/05\/m-28.webp 1024w, https:\/\/nousespais.es\/wp-content\/uploads\/2022\/05\/m-28-300x225.webp 300w, https:\/\/nousespais.es\/wp-content\/uploads\/2022\/05\/m-28-768x576.webp 768w\" sizes=\"(max-width: 800px) 100vw, 800px\" \/>\t\t\t\t\t\t\t\t\t\t\t\t\t\t\t<\/div>\n\t\t\t\t<\/div>\n\t\t\t\t\t<\/div>\n\t\t<\/div>\n\t\t\t\t<div class=\"elementor-column elementor-col-33 elementor-inner-column elementor-element elementor-element-23cd0289\" data-id=\"23cd0289\" data-element_type=\"column\">\n\t\t\t<div class=\"elementor-widget-wrap elementor-element-populated\">\n\t\t\t\t\t\t<div class=\"elementor-element elementor-element-4d20f643 elementor-widget elementor-widget-image\" data-id=\"4d20f643\" data-element_type=\"widget\" data-widget_type=\"image.default\">\n\t\t\t\t<div class=\"elementor-widget-container\">\n\t\t\t\t\t\t\t\t\t\t\t\t\t\t\t<img decoding=\"async\" width=\"800\" height=\"600\" src=\"https:\/\/nousespais.es\/wp-content\/uploads\/2022\/05\/m-28-zona-comun-3-1024x768.webp\" class=\"attachment-large size-large wp-image-1704\" alt=\"\" srcset=\"https:\/\/nousespais.es\/wp-content\/uploads\/2022\/05\/m-28-zona-comun-3-1024x768.webp 1024w, https:\/\/nousespais.es\/wp-content\/uploads\/2022\/05\/m-28-zona-comun-3-300x225.webp 300w, https:\/\/nousespais.es\/wp-content\/uploads\/2022\/05\/m-28-zona-comun-3-768x576.webp 768w, https:\/\/nousespais.es\/wp-content\/uploads\/2022\/05\/m-28-zona-comun-3.webp 1400w\" sizes=\"(max-width: 800px) 100vw, 800px\" \/>\t\t\t\t\t\t\t\t\t\t\t\t\t\t\t<\/div>\n\t\t\t\t<\/div>\n\t\t\t\t\t<\/div>\n\t\t<\/div>\n\t\t\t\t\t<\/div>\n\t\t<\/section>\n\t\t\t\t<section class=\"elementor-section elementor-inner-section elementor-element elementor-element-abaff3e elementor-section-boxed elementor-section-height-default elementor-section-height-default\" data-id=\"abaff3e\" data-element_type=\"section\">\n\t\t\t\t\t\t<div class=\"elementor-container elementor-column-gap-default\">\n\t\t\t\t\t<div class=\"elementor-column elementor-col-33 elementor-inner-column elementor-element elementor-element-4db3dcd\" data-id=\"4db3dcd\" data-element_type=\"column\">\n\t\t\t<div class=\"elementor-widget-wrap\">\n\t\t\t\t\t\t\t<\/div>\n\t\t<\/div>\n\t\t\t\t<div class=\"elementor-column elementor-col-33 elementor-inner-column elementor-element elementor-element-ad8d682\" data-id=\"ad8d682\" data-element_type=\"column\">\n\t\t\t<div class=\"elementor-widget-wrap elementor-element-populated\">\n\t\t\t\t\t\t<div class=\"elementor-element elementor-element-4c6dc36 elementor-widget elementor-widget-image\" data-id=\"4c6dc36\" data-element_type=\"widget\" data-widget_type=\"image.default\">\n\t\t\t\t<div class=\"elementor-widget-container\">\n\t\t\t\t\t\t\t\t\t\t\t\t\t\t\t<img loading=\"lazy\" decoding=\"async\" width=\"266\" height=\"200\" src=\"https:\/\/nousespais.es\/wp-content\/uploads\/2022\/05\/etiq-eficiencia-energetica-d-14.webp\" class=\"attachment-full size-full wp-image-624\" alt=\"\" \/>\t\t\t\t\t\t\t\t\t\t\t\t\t\t\t<\/div>\n\t\t\t\t<\/div>\n\t\t\t\t\t<\/div>\n\t\t<\/div>\n\t\t\t\t<div class=\"elementor-column elementor-col-33 elementor-inner-column elementor-element elementor-element-034b034\" data-id=\"034b034\" data-element_type=\"column\">\n\t\t\t<div class=\"elementor-widget-wrap\">\n\t\t\t\t\t\t\t<\/div>\n\t\t<\/div>\n\t\t\t\t\t<\/div>\n\t\t<\/section>\n\t\t\t\t\t<\/div>\n\t\t<\/div>\n\t\t\t\t\t<\/div>\n\t\t<\/section>\n\t\t\t\t<section class=\"elementor-section elementor-top-section elementor-element elementor-element-3d12cb8 elementor-section-boxed elementor-section-height-default elementor-section-height-default\" data-id=\"3d12cb8\" data-element_type=\"section\">\n\t\t\t\t\t\t<div class=\"elementor-container elementor-column-gap-default\">\n\t\t\t\t\t<div class=\"elementor-column elementor-col-100 elementor-top-column elementor-element elementor-element-9172e5c\" data-id=\"9172e5c\" data-element_type=\"column\">\n\t\t\t<div class=\"elementor-widget-wrap elementor-element-populated\">\n\t\t\t\t\t\t<div class=\"elementor-element elementor-element-8f4b033 elementor-widget elementor-widget-google_maps\" data-id=\"8f4b033\" data-element_type=\"widget\" data-widget_type=\"google_maps.default\">\n\t\t\t\t<div class=\"elementor-widget-container\">\n\t\t\t\t\t\t\t<div class=\"elementor-custom-embed\">\n\t\t\t<iframe loading=\"lazy\"\n\t\t\t\t\tsrc=\"https:\/\/maps.google.com\/maps?q=santa%20mar%C3%ADa%20mazzarello%2C%203&#038;t=m&#038;z=10&#038;output=embed&#038;iwloc=near\"\n\t\t\t\t\ttitle=\"santa mar\u00eda mazzarello, 3\"\n\t\t\t\t\taria-label=\"santa mar\u00eda mazzarello, 3\"\n\t\t\t><\/iframe>\n\t\t<\/div>\n\t\t\t\t\t\t<\/div>\n\t\t\t\t<\/div>\n\t\t\t\t\t<\/div>\n\t\t<\/div>\n\t\t\t\t\t<\/div>\n\t\t<\/section>\n\t\t\t\t<\/div>\n\t\t","protected":false},"excerpt":{"rendered":"<p>Edifici M-28. Parc Central-2 C\/ Santa Mar\u00eda Mazzarello, 3 78 Vivendes protegides d&#8217;1, 2, 3 i 4 dormitoris, totes elles amb pla\u00e7a d&#8217;aparcament i traster vinculats.&nbsp; El M-28 \u00e9s un edifici situat en Parc Central-2, una de les zones d&#8217;expansi\u00f3 de la ciutat de Torrent, comunicat amb la ciutat de Val\u00e8ncia a 15 minuts per [&hellip;]<\/p>\n","protected":false},"author":1,"featured_media":2698,"comment_status":"closed","ping_status":"open","sticky":false,"template":"elementor_header_footer","format":"standard","meta":{"_acf_changed":false,"footnotes":""},"categories":[6],"tags":[],"class_list":["post-2943","post","type-post","status-publish","format-standard","has-post-thumbnail","hentry","category-inmuebles"],"acf":[],"_links":{"self":[{"href":"https:\/\/nousespais.es\/va\/wp-json\/wp\/v2\/posts\/2943","targetHints":{"allow":["GET"]}}],"collection":[{"href":"https:\/\/nousespais.es\/va\/wp-json\/wp\/v2\/posts"}],"about":[{"href":"https:\/\/nousespais.es\/va\/wp-json\/wp\/v2\/types\/post"}],"author":[{"embeddable":true,"href":"https:\/\/nousespais.es\/va\/wp-json\/wp\/v2\/users\/1"}],"replies":[{"embeddable":true,"href":"https:\/\/nousespais.es\/va\/wp-json\/wp\/v2\/comments?post=2943"}],"version-history":[{"count":13,"href":"https:\/\/nousespais.es\/va\/wp-json\/wp\/v2\/posts\/2943\/revisions"}],"predecessor-version":[{"id":49389,"href":"https:\/\/nousespais.es\/va\/wp-json\/wp\/v2\/posts\/2943\/revisions\/49389"}],"wp:featuredmedia":[{"embeddable":true,"href":"https:\/\/nousespais.es\/va\/wp-json\/wp\/v2\/media\/2698"}],"wp:attachment":[{"href":"https:\/\/nousespais.es\/va\/wp-json\/wp\/v2\/media?parent=2943"}],"wp:term":[{"taxonomy":"category","embeddable":true,"href":"https:\/\/nousespais.es\/va\/wp-json\/wp\/v2\/categories?post=2943"},{"taxonomy":"post_tag","embeddable":true,"href":"https:\/\/nousespais.es\/va\/wp-json\/wp\/v2\/tags?post=2943"}],"curies":[{"name":"wp","href":"https:\/\/api.w.org\/{rel}","templated":true}]}}