{"id":3656,"date":"2020-10-13T20:01:40","date_gmt":"2020-10-13T20:01:40","guid":{"rendered":"https:\/\/nousespais.es\/publicat-llistat-definitiu-ajudes-lloguer-covid-19-gva\/"},"modified":"2022-09-19T13:09:10","modified_gmt":"2022-09-19T13:09:10","slug":"publicat-llistat-definitiu-ajudes-lloguer-covid-19-gva","status":"publish","type":"post","link":"https:\/\/nousespais.es\/va\/publicat-llistat-definitiu-ajudes-lloguer-covid-19-gva\/","title":{"rendered":"PUBLICAT LLISTAT DEFINITIU AJUDES LLOGUER COVID-19 GVA"},"content":{"rendered":"\t\t<div data-elementor-type=\"wp-post\" data-elementor-id=\"3656\" class=\"elementor elementor-3656\" data-elementor-post-type=\"post\">\n\t\t\t\t\t\t<section class=\"elementor-section elementor-top-section elementor-element elementor-element-77ea3f2 elementor-section-boxed elementor-section-height-default elementor-section-height-default\" data-id=\"77ea3f2\" data-element_type=\"section\">\n\t\t\t\t\t\t<div class=\"elementor-container elementor-column-gap-default\">\n\t\t\t\t\t<div class=\"elementor-column elementor-col-100 elementor-top-column elementor-element elementor-element-482f0374\" data-id=\"482f0374\" data-element_type=\"column\">\n\t\t\t<div class=\"elementor-widget-wrap elementor-element-populated\">\n\t\t\t\t\t\t<div class=\"elementor-element elementor-element-15664582 elementor-widget elementor-widget-image\" data-id=\"15664582\" data-element_type=\"widget\" data-widget_type=\"image.default\">\n\t\t\t\t<div class=\"elementor-widget-container\">\n\t\t\t\t\t\t\t\t\t\t\t\t\t\t\t<img fetchpriority=\"high\" decoding=\"async\" width=\"340\" height=\"200\" src=\"https:\/\/nousespais.es\/wp-content\/uploads\/2022\/05\/info-alquiler-covid19-val.jpg\" class=\"attachment-full size-full wp-image-1327\" alt=\"\" srcset=\"https:\/\/nousespais.es\/wp-content\/uploads\/2022\/05\/info-alquiler-covid19-val.jpg 340w, https:\/\/nousespais.es\/wp-content\/uploads\/2022\/05\/info-alquiler-covid19-val-300x176.jpg 300w\" sizes=\"(max-width: 340px) 100vw, 340px\" \/>\t\t\t\t\t\t\t\t\t\t\t\t\t\t\t<\/div>\n\t\t\t\t<\/div>\n\t\t\t\t<div class=\"elementor-element elementor-element-d355e9 elementor-widget elementor-widget-heading\" data-id=\"d355e9\" data-element_type=\"widget\" data-widget_type=\"heading.default\">\n\t\t\t\t<div class=\"elementor-widget-container\">\n\t\t\t\t\t<h2 class=\"elementor-heading-title elementor-size-default\">PUBLICAT LLISTAT DEFINITIU AJUDES LLOGUER COVID-19 GVA<\/h2>\t\t\t\t<\/div>\n\t\t\t\t<\/div>\n\t\t\t\t<div class=\"elementor-element elementor-element-c3400b7 elementor-widget elementor-widget-text-editor\" data-id=\"c3400b7\" data-element_type=\"widget\" data-widget_type=\"text-editor.default\">\n\t\t\t\t<div class=\"elementor-widget-container\">\n\t\t\t\t\t\t\t\t\t<div class=\"col-md-8 col-lg-9\"><div class=\"item-content\"><div class=\"item-text\"><div class=\"wp-field wp-field-content wp-field-type-htmlcontent\"><p>Amb data 8 doctubre de 2020, dacord amb larticle 10 del Decret 52\/2020, de 24 dabril, del Consell, daprovaci\u00f3 de bases reguladores per a la concessi\u00f3 directa dajuts per contribuir a minimitzar limpacte econ\u00f2mic i social de la Covid-19 als lloguers d&#8217;habitatge habitual, es publica:<\/p><p><strong><a href=\"http:\/\/www.nousespais.es\/rs\/6438\/d112d6ad-54ec-438b-9358-4483f9e98868\/8f3\/filename\/listado-def-ayudas-alquiler-oct-2020.pdf\" target=\"_blank\" rel=\"noopener\">Llistat definitiu de les sol\u00b7licituds que han resultat admeses COMPLETES \/ INCOMPLETES<\/a><\/strong>per manca de la documentaci\u00f3 preceptiva necess\u00e0ria per valorar la sol\u00b7licitud.<\/p><p>Per consultar la documentaci\u00f3 que s&#8217;ha d&#8217;esmenar, amb el NIF, CIF o NIE i els darrers 6 d\u00edgits del compte bancari que vau indicar a la sol\u00b7licitud, consulteu al seg\u00fcent enlla\u00e7, on cada sol\u00b7licitant podr\u00e0 con\u00e8ixer quina documentaci\u00f3 necessita aportar per completar la seva expedient.<\/p><p><a href=\"https:\/\/simulviv.gva.es\/simulviv\/busqueda.aspx?idioma=V\" target=\"_blank\" rel=\"noopener\"><strong>&#8220;CONSULTA LA TEVA NOTIFICACI\u00d3&#8221; <\/strong><\/a><\/p><p>El termini per aportar la documentaci\u00f3 a esmenar \u00e9s de 10 dies h\u00e0bils (no es computen dissabtes, diumenges ni festius) i comen\u00e7ar\u00e0 a comptar a partir del dia 13 doctubre de 2020 fins al 26 doctubre inclusivament.<\/p><p>La presentaci\u00f3 de la documentaci\u00f3 es podr\u00e0 realitzar: <\/p><p>De forma telem\u00e0tica : <strong><a href=\"https:\/\/www.gva.es\/va\/inicio\/procedimientos?id_proc=18916\">TECE &#8211; Aportaci\u00f3 documental telem\u00e0tica o presencial per completar un expedient ja iniciat dels programes dajuts de la direcci\u00f3 general competent en emerg\u00e8ncia habitacional i funci\u00f3 social de lhabitatge<\/a><\/strong><strong><a href=\"https:\/\/www.gva.es\/va\/inicio\/procedimientos?id_proc=18916\">.<\/a><\/strong><\/p><p>O b\u00e9 de forma presencial, mitjan\u00e7ant la seva presentaci\u00f3 pels mitjans indicats al llistat publicat, adre\u00e7ada a la Direcci\u00f3 Territorial d&#8217;Habitatge i Arquitectura Bioclim\u00e0tica corresponent.<\/p><p>Cal sol\u00b7licitar <strong>cita previa<\/strong> per acudir a l&#8217;ADRE\u00c7A TERRITORIAL D&#8217;HABITATGE I ARQUITECTURA BIOCLIM\u00c0TICA d&#8217;Alacant, Castell\u00f3 i Val\u00e8ncia oa qualsevol Oficina PROP de la Generalitat, la p\u00e0gina web per sol\u00b7licitar cites pr\u00e8vies \u00e9s:<\/p><p><a href=\"https:\/\/externo.gva.es\/qsige\/citaprevia.prop\/#!\/es\/home?uuid=4a86-87ca8-9257-816be\">https:\/\/externo.gva.es\/qsige\/citaprevia.prop\/#!\/es\/home?uuid=4a86-87ca8-9257-816be<\/a><\/p><\/div><\/div><\/div><\/div>\t\t\t\t\t\t\t\t<\/div>\n\t\t\t\t<\/div>\n\t\t\t\t<div class=\"elementor-element elementor-element-706129d7 elementor-icon-list--layout-traditional elementor-list-item-link-full_width elementor-widget elementor-widget-icon-list\" data-id=\"706129d7\" data-element_type=\"widget\" data-widget_type=\"icon-list.default\">\n\t\t\t\t<div class=\"elementor-widget-container\">\n\t\t\t\t\t\t\t<ul class=\"elementor-icon-list-items\">\n\t\t\t\t\t\t\t<li class=\"elementor-icon-list-item\">\n\t\t\t\t\t\t\t\t\t\t\t<a href=\"https:\/\/nousespais.es\/wp-content\/uploads\/2022\/05\/listado-def-ayudas-alquiler-oct-2020.pdf\" target=\"_blank\">\n\n\t\t\t\t\t\t\t\t\t\t\t\t<span class=\"elementor-icon-list-icon\">\n\t\t\t\t\t\t\t<svg xmlns=\"http:\/\/www.w3.org\/2000\/svg\" width=\"18.774\" height=\"24.316\" viewBox=\"0 0 18.774 24.316\"><g id=\"noun-pdf-3071298\" transform=\"translate(-145.349 -9.828)\"><path id=\"Trazado_219\" data-name=\"Trazado 219\" d=\"M213.376,136.465a2.248,2.248,0,0,0,1.548-.449,1.744,1.744,0,0,0,.5-1.4,1.856,1.856,0,0,0-.5-1.423,2.274,2.274,0,0,0-1.573-.474h-1.673v5.193h1.049v-1.448Zm-.649-2.746h.6a1.3,1.3,0,0,1,.774.2.749.749,0,0,1,.25.649,1.033,1.033,0,0,1-.2.674.929.929,0,0,1-.724.225h-.7Z\" transform=\"translate(-63.133 -117.175)\" fill=\"#231f20\"><\/path><path id=\"Trazado_220\" data-name=\"Trazado 220\" d=\"M309.963,136.653a2.643,2.643,0,0,0,.649-1.922,2.591,2.591,0,0,0-.674-1.9,2.637,2.637,0,0,0-1.947-.674h-1.673v5.193h1.623a2.563,2.563,0,0,0,2.022-.7Zm-.8-.7a1.416,1.416,0,0,1-1.1.4h-.674v-3.171h.6a1.628,1.628,0,0,1,1.2.424,1.707,1.707,0,0,1,.4,1.173,1.846,1.846,0,0,1-.424,1.173Z\" transform=\"translate(-153.554 -116.639)\" fill=\"#231f20\"><\/path><path id=\"Trazado_221\" data-name=\"Trazado 221\" d=\"M418.764,133.743v-1.024h-3.245v5.193h1.049v-2.047h2.072v-1h-2.072v-1.123Z\" transform=\"translate(-257.887 -117.174)\" fill=\"#231f20\"><\/path><path id=\"Trazado_222\" data-name=\"Trazado 222\" d=\"M162.25,10.078H147.172a1.566,1.566,0,0,0-1.573,1.573V30.074a1.566,1.566,0,0,0,1.573,1.573h3.47l-.949-.949h-2.5a.618.618,0,0,1-.624-.624V11.651a.618.618,0,0,1,.624-.624h15.1a.618.618,0,0,1,.624.624V30.074a.618.618,0,0,1-.624.624h-2.147l-.949.949h3.1a1.566,1.566,0,0,0,1.573-1.573V11.651a1.626,1.626,0,0,0-1.623-1.573Z\" transform=\"translate(0 0)\" fill=\"#231f20\"><\/path><path id=\"Trazado_222_-_Contorno\" data-name=\"Trazado 222 - Contorno\" d=\"M147.172,9.828H162.25a1.884,1.884,0,0,1,1.873,1.816V30.074A1.825,1.825,0,0,1,162.3,31.9h-3.7l1.449-1.449h2.25a.37.37,0,0,0,.374-.374V11.651a.37.37,0,0,0-.374-.374H147.2a.37.37,0,0,0-.374.374V30.074a.37.37,0,0,0,.374.374h2.6l1.449,1.449h-4.074a1.825,1.825,0,0,1-1.823-1.823V11.651A1.825,1.825,0,0,1,147.172,9.828Zm16.451,1.827a1.381,1.381,0,0,0-1.373-1.327H147.172a1.309,1.309,0,0,0-1.323,1.323V30.074a1.309,1.309,0,0,0,1.323,1.323h2.866l-.449-.449H147.2a.865.865,0,0,1-.874-.874V11.651a.865.865,0,0,1,.874-.874h15.1a.865.865,0,0,1,.874.874V30.074a.865.865,0,0,1-.874.874h-2.043l-.449.449H162.3a1.309,1.309,0,0,0,1.323-1.323Z\" transform=\"translate(0 0)\" fill=\"#231f20\"><\/path><path id=\"Trazado_223\" data-name=\"Trazado 223\" d=\"M237.268,311.739l-3.27-.025v-5.392H229.5v5.317l-3.27-.05,5.592,5.592Z\" transform=\"translate(-77.04 -283.037)\" fill=\"#231f20\"><\/path><\/g><\/svg>\t\t\t\t\t\t<\/span>\n\t\t\t\t\t\t\t\t\t\t<span class=\"elementor-icon-list-text\"> LISTADO DEF AYUDAS ALQUILER OCT 2020.pdf <\/span>\n\t\t\t\t\t\t\t\t\t\t\t<\/a>\n\t\t\t\t\t\t\t\t\t<\/li>\n\t\t\t\t\t\t<\/ul>\n\t\t\t\t\t\t<\/div>\n\t\t\t\t<\/div>\n\t\t\t\t<div class=\"elementor-element elementor-element-27bf8a72 elementor-align-left elementor-widget elementor-widget-button\" data-id=\"27bf8a72\" data-element_type=\"widget\" data-widget_type=\"button.default\">\n\t\t\t\t<div class=\"elementor-widget-container\">\n\t\t\t\t\t\t\t\t\t<div class=\"elementor-button-wrapper\">\n\t\t\t\t\t<a class=\"elementor-button elementor-button-link elementor-size-sm\" href=\"https:\/\/nousespais.es\/va\/noticies\/\">\n\t\t\t\t\t\t<span class=\"elementor-button-content-wrapper\">\n\t\t\t\t\t\t\t\t\t<span class=\"elementor-button-text\">TORNAR<\/span>\n\t\t\t\t\t<\/span>\n\t\t\t\t\t<\/a>\n\t\t\t\t<\/div>\n\t\t\t\t\t\t\t\t<\/div>\n\t\t\t\t<\/div>\n\t\t\t\t<section class=\"elementor-section elementor-inner-section elementor-element elementor-element-66b3808b elementor-section-boxed elementor-section-height-default elementor-section-height-default\" data-id=\"66b3808b\" data-element_type=\"section\">\n\t\t\t\t\t\t<div class=\"elementor-container elementor-column-gap-default\">\n\t\t\t\t\t<div class=\"elementor-column elementor-col-50 elementor-inner-column elementor-element elementor-element-2c831c7\" data-id=\"2c831c7\" data-element_type=\"column\">\n\t\t\t<div class=\"elementor-widget-wrap elementor-element-populated\">\n\t\t\t\t\t\t<div class=\"elementor-element elementor-element-6ef98fd elementor-widget elementor-widget-image\" data-id=\"6ef98fd\" data-element_type=\"widget\" data-widget_type=\"image.default\">\n\t\t\t\t<div class=\"elementor-widget-container\">\n\t\t\t\t\t\t\t\t\t\t\t\t\t\t\t<img decoding=\"async\" width=\"724\" height=\"1024\" src=\"https:\/\/nousespais.es\/wp-content\/uploads\/2022\/05\/info-alquiler-covid19-cas-724x1024.webp\" class=\"attachment-large size-large wp-image-1335\" alt=\"\" srcset=\"https:\/\/nousespais.es\/wp-content\/uploads\/2022\/05\/info-alquiler-covid19-cas-724x1024.webp 724w, https:\/\/nousespais.es\/wp-content\/uploads\/2022\/05\/info-alquiler-covid19-cas-212x300.webp 212w, https:\/\/nousespais.es\/wp-content\/uploads\/2022\/05\/info-alquiler-covid19-cas.webp 742w\" sizes=\"(max-width: 724px) 100vw, 724px\" \/>\t\t\t\t\t\t\t\t\t\t\t\t\t\t\t<\/div>\n\t\t\t\t<\/div>\n\t\t\t\t\t<\/div>\n\t\t<\/div>\n\t\t\t\t<div class=\"elementor-column elementor-col-50 elementor-inner-column elementor-element elementor-element-2dfe8c5b\" data-id=\"2dfe8c5b\" data-element_type=\"column\">\n\t\t\t<div class=\"elementor-widget-wrap\">\n\t\t\t\t\t\t\t<\/div>\n\t\t<\/div>\n\t\t\t\t\t<\/div>\n\t\t<\/section>\n\t\t\t\t\t<\/div>\n\t\t<\/div>\n\t\t\t\t\t<\/div>\n\t\t<\/section>\n\t\t\t\t<\/div>\n\t\t","protected":false},"excerpt":{"rendered":"<p>PUBLICAT LLISTAT DEFINITIU AJUDES LLOGUER COVID-19 GVA Amb data 8 doctubre de 2020, dacord amb larticle 10 del Decret 52\/2020, de 24 dabril, del Consell, daprovaci\u00f3 de bases reguladores per a la concessi\u00f3 directa dajuts per contribuir a minimitzar limpacte econ\u00f2mic i social de la Covid-19 als lloguers d&#8217;habitatge habitual, es publica: Llistat definitiu de [&hellip;]<\/p>\n","protected":false},"author":1,"featured_media":4062,"comment_status":"closed","ping_status":"open","sticky":false,"template":"elementor_header_footer","format":"standard","meta":{"_acf_changed":false,"footnotes":""},"categories":[24],"tags":[],"class_list":["post-3656","post","type-post","status-publish","format-standard","has-post-thumbnail","hentry","category-noticies"],"acf":[],"_links":{"self":[{"href":"https:\/\/nousespais.es\/va\/wp-json\/wp\/v2\/posts\/3656","targetHints":{"allow":["GET"]}}],"collection":[{"href":"https:\/\/nousespais.es\/va\/wp-json\/wp\/v2\/posts"}],"about":[{"href":"https:\/\/nousespais.es\/va\/wp-json\/wp\/v2\/types\/post"}],"author":[{"embeddable":true,"href":"https:\/\/nousespais.es\/va\/wp-json\/wp\/v2\/users\/1"}],"replies":[{"embeddable":true,"href":"https:\/\/nousespais.es\/va\/wp-json\/wp\/v2\/comments?post=3656"}],"version-history":[{"count":5,"href":"https:\/\/nousespais.es\/va\/wp-json\/wp\/v2\/posts\/3656\/revisions"}],"predecessor-version":[{"id":8124,"href":"https:\/\/nousespais.es\/va\/wp-json\/wp\/v2\/posts\/3656\/revisions\/8124"}],"wp:featuredmedia":[{"embeddable":true,"href":"https:\/\/nousespais.es\/va\/wp-json\/wp\/v2\/media\/4062"}],"wp:attachment":[{"href":"https:\/\/nousespais.es\/va\/wp-json\/wp\/v2\/media?parent=3656"}],"wp:term":[{"taxonomy":"category","embeddable":true,"href":"https:\/\/nousespais.es\/va\/wp-json\/wp\/v2\/categories?post=3656"},{"taxonomy":"post_tag","embeddable":true,"href":"https:\/\/nousespais.es\/va\/wp-json\/wp\/v2\/tags?post=3656"}],"curies":[{"name":"wp","href":"https:\/\/api.w.org\/{rel}","templated":true}]}}