{"id":6121,"date":"2022-01-25T21:38:58","date_gmt":"2022-01-25T21:38:58","guid":{"rendered":"https:\/\/nousespais.es\/87-millones-de-fondos-europeos-para-planes-de-rehabilitacion-y-regeneracion-urbana\/"},"modified":"2022-07-07T13:13:21","modified_gmt":"2022-07-07T13:13:21","slug":"87-millones-de-fondos-europeos-para-planes-de-rehabilitacion-y-regeneracion-urbana","status":"publish","type":"post","link":"https:\/\/nousespais.es\/va\/87-millones-de-fondos-europeos-para-planes-de-rehabilitacion-y-regeneracion-urbana\/","title":{"rendered":"87 MILLONES DE FONDOS EUROPEOS PARA PLANES DE REHABILITACI\u00d3N Y REGENERACI\u00d3N URBANA"},"content":{"rendered":"\t\t<div data-elementor-type=\"wp-post\" data-elementor-id=\"6121\" class=\"elementor elementor-6121\" data-elementor-post-type=\"post\">\n\t\t\t\t\t\t<section class=\"elementor-section elementor-top-section elementor-element elementor-element-1bdacc64 elementor-section-boxed elementor-section-height-default elementor-section-height-default\" data-id=\"1bdacc64\" data-element_type=\"section\">\n\t\t\t\t\t\t<div class=\"elementor-container elementor-column-gap-default\">\n\t\t\t\t\t<div class=\"elementor-column elementor-col-100 elementor-top-column elementor-element elementor-element-5df541b6\" data-id=\"5df541b6\" data-element_type=\"column\">\n\t\t\t<div class=\"elementor-widget-wrap elementor-element-populated\">\n\t\t\t\t\t\t<div class=\"elementor-element elementor-element-5510e2c5 elementor-widget elementor-widget-image\" data-id=\"5510e2c5\" data-element_type=\"widget\" data-widget_type=\"image.default\">\n\t\t\t\t<div class=\"elementor-widget-container\">\n\t\t\t\t\t\t\t\t\t\t\t\t\t\t\t<img fetchpriority=\"high\" decoding=\"async\" width=\"340\" height=\"200\" src=\"https:\/\/nousespais.es\/wp-content\/uploads\/2021\/01\/art-13-renta-2015-alquiler.jpg\" class=\"attachment-full size-full wp-image-5894\" alt=\"\" srcset=\"https:\/\/nousespais.es\/wp-content\/uploads\/2021\/01\/art-13-renta-2015-alquiler.jpg 340w, https:\/\/nousespais.es\/wp-content\/uploads\/2021\/01\/art-13-renta-2015-alquiler-300x176.jpg 300w\" sizes=\"(max-width: 340px) 100vw, 340px\" \/>\t\t\t\t\t\t\t\t\t\t\t\t\t\t\t<\/div>\n\t\t\t\t<\/div>\n\t\t\t\t<div class=\"elementor-element elementor-element-38bef259 elementor-widget elementor-widget-heading\" data-id=\"38bef259\" data-element_type=\"widget\" data-widget_type=\"heading.default\">\n\t\t\t\t<div class=\"elementor-widget-container\">\n\t\t\t\t\t<h2 class=\"elementor-heading-title elementor-size-default\">87 MILIONS DE FONS EUROPEUS PER A PLANS DE REHABILITACI\u00d3 I REGENERACI\u00d3 URBANA<\/h2>\t\t\t\t<\/div>\n\t\t\t\t<\/div>\n\t\t\t\t<div class=\"elementor-element elementor-element-775ef09e elementor-widget elementor-widget-text-editor\" data-id=\"775ef09e\" data-element_type=\"widget\" data-widget_type=\"text-editor.default\">\n\t\t\t\t<div class=\"elementor-widget-container\">\n\t\t\t\t\t\t\t\t\t<p><strong>La Conselleria d&#8217;Habitatge i Arquitectura Bioclim\u00e0tica habilita les subvencions als ajuntaments per a millorar els edificis de titularitat privada<\/strong><br \/><br \/>El Govern valenci\u00e0 posa en marxa les primeres ajudes finan\u00e7ades amb els fons europeus Next Generation per a rehabilitaci\u00f3 d&#8217;edificis i regeneraci\u00f3 urbana. La Conselleria d&#8217;Habitatge i Arquitectura Bioclim\u00e0tica inicia els procediments perqu\u00e8 els ajuntaments presenten els projectes subvencionables amb un pressupost de 87 milions d&#8217;euros, cofinan\u00e7ats entre la Generalitat i els fons de Brussel\u00b7les.<br \/><br \/>La primera convocat\u00f2ria dels projectes que gestiona el departament d&#8217;H\u00e9ctor Illueca multiplica per 10 la inversi\u00f3 que fins hui s&#8217;havia destinat a regeneraci\u00f3 i rehabilitaci\u00f3 del parc privat d&#8217;habitatge en la Comunitat Valenciana. Els projectes, de car\u00e0cter municipal, es comen\u00e7aran a abonar enguany i es podran desenvolupar fins a 2026. Les obres que s&#8217;adjudiquen aquest Exercici estaran compromeses en els successius pressupostos auton\u00f2mics i tindran la meitat de l&#8217;import cobert en la primera adjudicaci\u00f3. L&#8217;Executiu traur\u00e0 en els pr\u00f2xims dies l&#8217;esborrany del text i la convocat\u00f2ria de les ajudes.<br \/><br \/>Els ajuntaments seran els encarregats de presentar els projectes i la Generalitat ponderar\u00e0 els que prevalguen les actuacions en barris vulnerables i zones amb necessitats d&#8217;habitatge, ja delimitades pels municipis, mentre que Brussel\u00b7les, que finan\u00e7ar\u00e0 el 80% de les actuacions, prevaldr\u00e0 els criteris d&#8217;efici\u00e8ncia energ\u00e8tica en les intervencions. La convocat\u00f2ria, que es publicar\u00e0 aquesta setmana, inclou actuacions en fa\u00e7anes, instal\u00b7laci\u00f3 de plaques solars i adequaci\u00f3 dels edificis als criteris d&#8217;efici\u00e8ncia energ\u00e8tica, aix\u00ed com intervencions per a millorar l&#8217;accessibilitat dels edificis i el seu entorn.<br \/><br \/>El programa de rehabilitaci\u00f3 suposa una de les majors injeccions de fons europeus que gestionar\u00e0 la Conselleria d&#8217;Habitatge i permet a l&#8217;Executiu multiplicar el seu pressupost per a refor\u00e7ar les pol\u00edtiques p\u00fabliques. En paral\u00b7lel, tamb\u00e9 amb fons europeus, la Generalitat habilitar\u00e0 altres 20 milions d&#8217;euros per a la rehabilitaci\u00f3 del parc p\u00fablic d&#8217;habitatge, una partida que gestionar\u00e0 directament.<br \/><br \/>La convocat\u00f2ria s&#8217;emmarca en el Component 2 del <em><strong>Pla de Recuperaci\u00f3, Transformaci\u00f3 i Resili\u00e8ncia per a millorar el parc d&#8217;edificis i habitatges d&#8217;Espanya<\/strong><\/em> i ajustar-los als objectius europeus en mat\u00e8ria de sostenibilitat. El ministeri de Transports i Agenda Urbana, competent en habitatge, estima que el 45% dels edificis \u00e9s de construcci\u00f3 anterior a 1980, al voltant d&#8217;un mili\u00f3 d&#8217;habitatges estan en estat deficient, dolent o ru\u00efn\u00f3s, el 75% dels edificis residencials no s\u00f3n accessibles i el 40% dels mateixos de quatre o m\u00e9s plantes no t\u00e9 ascensor.<\/p>\t\t\t\t\t\t\t\t<\/div>\n\t\t\t\t<\/div>\n\t\t\t\t<div class=\"elementor-element elementor-element-5873e456 elementor-align-left elementor-widget elementor-widget-button\" data-id=\"5873e456\" data-element_type=\"widget\" data-widget_type=\"button.default\">\n\t\t\t\t<div class=\"elementor-widget-container\">\n\t\t\t\t\t\t\t\t\t<div class=\"elementor-button-wrapper\">\n\t\t\t\t\t<a class=\"elementor-button elementor-button-link elementor-size-sm\" href=\"https:\/\/nousespais.es\/noticias\/\">\n\t\t\t\t\t\t<span class=\"elementor-button-content-wrapper\">\n\t\t\t\t\t\t\t\t\t<span class=\"elementor-button-text\">VOLVER<\/span>\n\t\t\t\t\t<\/span>\n\t\t\t\t\t<\/a>\n\t\t\t\t<\/div>\n\t\t\t\t\t\t\t\t<\/div>\n\t\t\t\t<\/div>\n\t\t\t\t\t<\/div>\n\t\t<\/div>\n\t\t\t\t\t<\/div>\n\t\t<\/section>\n\t\t\t\t<\/div>\n\t\t","protected":false},"excerpt":{"rendered":"<p>87 MILIONS DE FONS EUROPEUS PER A PLANS DE REHABILITACI\u00d3 I REGENERACI\u00d3 URBANA La Conselleria d&#8217;Habitatge i Arquitectura Bioclim\u00e0tica habilita les subvencions als ajuntaments per a millorar els edificis de titularitat privada El Govern valenci\u00e0 posa en marxa les primeres ajudes finan\u00e7ades amb els fons europeus Next Generation per a rehabilitaci\u00f3 d&#8217;edificis i regeneraci\u00f3 urbana. [&hellip;]<\/p>\n","protected":false},"author":1,"featured_media":5895,"comment_status":"closed","ping_status":"open","sticky":false,"template":"","format":"standard","meta":{"_acf_changed":false,"footnotes":""},"categories":[24],"tags":[],"class_list":["post-6121","post","type-post","status-publish","format-standard","has-post-thumbnail","hentry","category-noticies"],"acf":[],"_links":{"self":[{"href":"https:\/\/nousespais.es\/va\/wp-json\/wp\/v2\/posts\/6121","targetHints":{"allow":["GET"]}}],"collection":[{"href":"https:\/\/nousespais.es\/va\/wp-json\/wp\/v2\/posts"}],"about":[{"href":"https:\/\/nousespais.es\/va\/wp-json\/wp\/v2\/types\/post"}],"author":[{"embeddable":true,"href":"https:\/\/nousespais.es\/va\/wp-json\/wp\/v2\/users\/1"}],"replies":[{"embeddable":true,"href":"https:\/\/nousespais.es\/va\/wp-json\/wp\/v2\/comments?post=6121"}],"version-history":[{"count":15,"href":"https:\/\/nousespais.es\/va\/wp-json\/wp\/v2\/posts\/6121\/revisions"}],"predecessor-version":[{"id":6143,"href":"https:\/\/nousespais.es\/va\/wp-json\/wp\/v2\/posts\/6121\/revisions\/6143"}],"wp:featuredmedia":[{"embeddable":true,"href":"https:\/\/nousespais.es\/va\/wp-json\/wp\/v2\/media\/5895"}],"wp:attachment":[{"href":"https:\/\/nousespais.es\/va\/wp-json\/wp\/v2\/media?parent=6121"}],"wp:term":[{"taxonomy":"category","embeddable":true,"href":"https:\/\/nousespais.es\/va\/wp-json\/wp\/v2\/categories?post=6121"},{"taxonomy":"post_tag","embeddable":true,"href":"https:\/\/nousespais.es\/va\/wp-json\/wp\/v2\/tags?post=6121"}],"curies":[{"name":"wp","href":"https:\/\/api.w.org\/{rel}","templated":true}]}}