{"id":6162,"date":"2022-01-19T21:16:25","date_gmt":"2022-01-19T21:16:25","guid":{"rendered":"https:\/\/nousespais.es\/plan-estatal-para-el-acceso-a-la-vivienda-2022-2025-y-bono-alquiler-joven\/"},"modified":"2022-07-07T13:07:46","modified_gmt":"2022-07-07T13:07:46","slug":"plan-estatal-para-el-acceso-a-la-vivienda-2022-2025-y-bono-alquiler-joven","status":"publish","type":"post","link":"https:\/\/nousespais.es\/va\/plan-estatal-para-el-acceso-a-la-vivienda-2022-2025-y-bono-alquiler-joven\/","title":{"rendered":"PLAN ESTATAL PARA EL ACCESO A LA VIVIENDA 2022-2025 Y BONO ALQUILER JOVEN"},"content":{"rendered":"\t\t<div data-elementor-type=\"wp-post\" data-elementor-id=\"6162\" class=\"elementor elementor-6162\" data-elementor-post-type=\"post\">\n\t\t\t\t\t\t<section class=\"elementor-section elementor-top-section elementor-element elementor-element-1bdacc64 elementor-section-boxed elementor-section-height-default elementor-section-height-default\" data-id=\"1bdacc64\" data-element_type=\"section\">\n\t\t\t\t\t\t<div class=\"elementor-container elementor-column-gap-default\">\n\t\t\t\t\t<div class=\"elementor-column elementor-col-100 elementor-top-column elementor-element elementor-element-5df541b6\" data-id=\"5df541b6\" data-element_type=\"column\">\n\t\t\t<div class=\"elementor-widget-wrap elementor-element-populated\">\n\t\t\t\t\t\t<div class=\"elementor-element elementor-element-5510e2c5 elementor-widget elementor-widget-image\" data-id=\"5510e2c5\" data-element_type=\"widget\" data-widget_type=\"image.default\">\n\t\t\t\t<div class=\"elementor-widget-container\">\n\t\t\t\t\t\t\t\t\t\t\t\t\t\t\t<img fetchpriority=\"high\" decoding=\"async\" width=\"340\" height=\"200\" src=\"https:\/\/nousespais.es\/wp-content\/uploads\/2020\/05\/art-10-permanencia-vivienda-alquilada-tras-ejecucion-hip.jpg\" class=\"attachment-full size-full wp-image-5716\" alt=\"\" srcset=\"https:\/\/nousespais.es\/wp-content\/uploads\/2020\/05\/art-10-permanencia-vivienda-alquilada-tras-ejecucion-hip.jpg 340w, https:\/\/nousespais.es\/wp-content\/uploads\/2020\/05\/art-10-permanencia-vivienda-alquilada-tras-ejecucion-hip-300x176.jpg 300w\" sizes=\"(max-width: 340px) 100vw, 340px\" \/>\t\t\t\t\t\t\t\t\t\t\t\t\t\t\t<\/div>\n\t\t\t\t<\/div>\n\t\t\t\t<div class=\"elementor-element elementor-element-38bef259 elementor-widget elementor-widget-heading\" data-id=\"38bef259\" data-element_type=\"widget\" data-widget_type=\"heading.default\">\n\t\t\t\t<div class=\"elementor-widget-container\">\n\t\t\t\t\t<h2 class=\"elementor-heading-title elementor-size-default\">APROVAT PLA ESTATAL PER A L'ACC\u00c9S A L'HABITATGE 2022-2025 I BONO LLOGUER JOVE<\/h2>\t\t\t\t<\/div>\n\t\t\t\t<\/div>\n\t\t\t\t<div class=\"elementor-element elementor-element-775ef09e elementor-widget elementor-widget-text-editor\" data-id=\"775ef09e\" data-element_type=\"widget\" data-widget_type=\"text-editor.default\">\n\t\t\t\t<div class=\"elementor-widget-container\">\n\t\t\t\t\t\t\t\t\t<div class=\"item-content\"><div class=\"item-text\"><div class=\"wp-field wp-field-content wp-field-type-htmlcontent\"><p><strong>PLA ESTATAL PER A l&#8217;ACC\u00c9S A l&#8217;HABITATGE 2022-2025 I BONO LLOGUER JOVE<\/strong><br \/><br \/>El Consell de Ministres ha aprovat el <em><strong>Reial decret pel qual es regula el <\/strong><\/em><em><strong>Bo Lloguer Jove i el Pla Estatal per a l&#8217;Acc\u00e9s a l&#8217;Habitatge 2022-2025<\/strong><\/em>.<br \/>El Pla Estatal per a l&#8217;Acc\u00e9s a l&#8217;Habitatge 2022-2025 prestar\u00e0 especial atenci\u00f3 als sectors m\u00e9s desfavorits de la poblaci\u00f3 i t\u00e9 els seg\u00fcents objectius a curt termini:<br \/><br \/>Facilitar l&#8217;acc\u00e9s a l&#8217;habitatge als ciutadans amb menys recursos mitjan\u00e7ant ajudes directes al lloguer a aquells arrendataris amb menys recursos.<br \/><br \/>Facilitar l&#8217;acc\u00e9s a l&#8217;habitatge o a solucions residencials el m\u00e9s immediates possibles a les persones v\u00edctimes de viol\u00e8ncia de g\u00e8nere, les persones objecte de desnonament del seu habitatge habitual, les persones sense llar i a altres persones especialment vulnerables, inclosos els sup\u00f2sits de vulnerabilitat sobrevinguda, mitjan\u00e7ant ajudes directes al lloguer i a les despeses de subministraments i comunitat de fins al 100% de la renda del lloguer i d&#8217;aquestes despeses.<br \/><br \/>Facilitar l&#8217;acc\u00e9s a l&#8217;habitatge dels joves amb majors ajudes al lloguer i fins i tot amb ajudes a l&#8217;adquisici\u00f3 d&#8217;habitatge en municipis o nuclis de poblaci\u00f3 de xicoteta grand\u00e0ria.<br \/><br \/>Fomentar l&#8217;oferta d&#8217;habitatge en lloguer amb ajudes als arrendadors per al pagament d&#8217;una asseguran\u00e7a de protecci\u00f3 de la renda arrendat\u00edcia.<br \/><br \/>Col\u00b7laborar amb els objectius del repte demogr\u00e0fic mitjan\u00e7ant ajudes als joves per a l&#8217;adquisici\u00f3 d&#8217;habitatge habitual i permanent en municipis o nuclis de poblaci\u00f3 de menys de 10.000 habitants.<br \/><br \/>A mitj\u00e0 termini, el Pla t\u00e9 com a objectius:<br \/>a) Incrementar l&#8217;oferta d&#8217;habitatge en lloguer social mitjan\u00e7ant l&#8217;impuls del parc p\u00fablic d&#8217;habitatge, per a aix\u00f2 estableix ajudes per a l&#8217;adquisici\u00f3 d&#8217;habitatges per les administracions p\u00fabliques o les seues entitats vinculades o dependents.<br \/>b) Incrementar l&#8217;oferta d&#8217;habitatge en lloguer assequible per a les persones majors o amb discapacitat, mitjan\u00e7ant ajudes a la promoci\u00f3 d&#8217;habitatges amb disseny, instal\u00b7lacions i serveis que responguen a les seues especials circumst\u00e0ncies, ja siguen de titularitat p\u00fablica o privada, de nova edificaci\u00f3 o procedents de la rehabilitaci\u00f3 d&#8217;edificis preexistents que es vagen a destinar durant un termini determinat al lloguer assequible amb rendes limitades i per a arrendataris amb ingressos limitats.<br \/>c) Incrementar l&#8217;oferta d&#8217;allotjaments i habitatges en lloguer, impulsant la promoci\u00f3 d&#8217;allotjaments temporals, de modalitats residencials tipus co-housing, d&#8217;habitatges intergeneracionals i altres similars en les quals, en tot cas, es redu\u00efsca la superf\u00edcie privativa d&#8217;allotjament o habitatge i s&#8217;incremente la superf\u00edcie d&#8217;interrelaci\u00f3 en comparaci\u00f3 amb les solucions habituals d&#8217;habitatges, que vagen a ser destinats al lloguer, la cessi\u00f3 en \u00fas o a qualsevol r\u00e8gim temporal similar adm\u00e9s en dret.<br \/>d) Incrementar l&#8217;oferta d&#8217;habitatge en lloguer social mitjan\u00e7ant l&#8217;impuls de la posada a la disposici\u00f3 d&#8217;habitatges de la SAREB i d&#8217;entitats p\u00fabliques a les comunitats aut\u00f2nomes i entitats locals, aix\u00ed com a les seues entitats vinculades o dependents perqu\u00e8 siguen destinades a aquest lloguer social.<br \/>e) Incrementar l&#8217;oferta d&#8217;habitatge en lloguer assequible o social posant a la disposici\u00f3 de les comunitats aut\u00f2nomes i entitats locals, aix\u00ed com de les seues entitats vinculades o dependents, d&#8217;habitatges lliures de gestors privats d&#8217;habitatge en lloguer per al seu lloguer com a habitatge assequible o social.<\/p><p>En aquesta mateixa p\u00e0gina web continuarem publicat les not\u00edcies actualitzades al respecte.<\/p><\/div><\/div><\/div>\t\t\t\t\t\t\t\t<\/div>\n\t\t\t\t<\/div>\n\t\t\t\t<div class=\"elementor-element elementor-element-12773b8 elementor-icon-list--layout-traditional elementor-list-item-link-full_width elementor-widget elementor-widget-icon-list\" data-id=\"12773b8\" data-element_type=\"widget\" data-widget_type=\"icon-list.default\">\n\t\t\t\t<div class=\"elementor-widget-container\">\n\t\t\t\t\t\t\t<ul class=\"elementor-icon-list-items\">\n\t\t\t\t\t\t\t<li class=\"elementor-icon-list-item\">\n\t\t\t\t\t\t\t\t\t\t\t<a href=\"https:\/\/nousespais.es\/wp-content\/uploads\/2022\/07\/boe-a-2022-802.pdf\" target=\"_blank\">\n\n\t\t\t\t\t\t\t\t\t\t\t\t<span class=\"elementor-icon-list-icon\">\n\t\t\t\t\t\t\t<svg xmlns=\"http:\/\/www.w3.org\/2000\/svg\" width=\"18.774\" height=\"24.316\" viewBox=\"0 0 18.774 24.316\"><g id=\"noun-pdf-3071298\" transform=\"translate(-145.349 -9.828)\"><path id=\"Trazado_219\" data-name=\"Trazado 219\" d=\"M213.376,136.465a2.248,2.248,0,0,0,1.548-.449,1.744,1.744,0,0,0,.5-1.4,1.856,1.856,0,0,0-.5-1.423,2.274,2.274,0,0,0-1.573-.474h-1.673v5.193h1.049v-1.448Zm-.649-2.746h.6a1.3,1.3,0,0,1,.774.2.749.749,0,0,1,.25.649,1.033,1.033,0,0,1-.2.674.929.929,0,0,1-.724.225h-.7Z\" transform=\"translate(-63.133 -117.175)\" fill=\"#231f20\"><\/path><path id=\"Trazado_220\" data-name=\"Trazado 220\" d=\"M309.963,136.653a2.643,2.643,0,0,0,.649-1.922,2.591,2.591,0,0,0-.674-1.9,2.637,2.637,0,0,0-1.947-.674h-1.673v5.193h1.623a2.563,2.563,0,0,0,2.022-.7Zm-.8-.7a1.416,1.416,0,0,1-1.1.4h-.674v-3.171h.6a1.628,1.628,0,0,1,1.2.424,1.707,1.707,0,0,1,.4,1.173,1.846,1.846,0,0,1-.424,1.173Z\" transform=\"translate(-153.554 -116.639)\" fill=\"#231f20\"><\/path><path id=\"Trazado_221\" data-name=\"Trazado 221\" d=\"M418.764,133.743v-1.024h-3.245v5.193h1.049v-2.047h2.072v-1h-2.072v-1.123Z\" transform=\"translate(-257.887 -117.174)\" fill=\"#231f20\"><\/path><path id=\"Trazado_222\" data-name=\"Trazado 222\" d=\"M162.25,10.078H147.172a1.566,1.566,0,0,0-1.573,1.573V30.074a1.566,1.566,0,0,0,1.573,1.573h3.47l-.949-.949h-2.5a.618.618,0,0,1-.624-.624V11.651a.618.618,0,0,1,.624-.624h15.1a.618.618,0,0,1,.624.624V30.074a.618.618,0,0,1-.624.624h-2.147l-.949.949h3.1a1.566,1.566,0,0,0,1.573-1.573V11.651a1.626,1.626,0,0,0-1.623-1.573Z\" transform=\"translate(0 0)\" fill=\"#231f20\"><\/path><path id=\"Trazado_222_-_Contorno\" data-name=\"Trazado 222 - Contorno\" d=\"M147.172,9.828H162.25a1.884,1.884,0,0,1,1.873,1.816V30.074A1.825,1.825,0,0,1,162.3,31.9h-3.7l1.449-1.449h2.25a.37.37,0,0,0,.374-.374V11.651a.37.37,0,0,0-.374-.374H147.2a.37.37,0,0,0-.374.374V30.074a.37.37,0,0,0,.374.374h2.6l1.449,1.449h-4.074a1.825,1.825,0,0,1-1.823-1.823V11.651A1.825,1.825,0,0,1,147.172,9.828Zm16.451,1.827a1.381,1.381,0,0,0-1.373-1.327H147.172a1.309,1.309,0,0,0-1.323,1.323V30.074a1.309,1.309,0,0,0,1.323,1.323h2.866l-.449-.449H147.2a.865.865,0,0,1-.874-.874V11.651a.865.865,0,0,1,.874-.874h15.1a.865.865,0,0,1,.874.874V30.074a.865.865,0,0,1-.874.874h-2.043l-.449.449H162.3a1.309,1.309,0,0,0,1.323-1.323Z\" transform=\"translate(0 0)\" fill=\"#231f20\"><\/path><path id=\"Trazado_223\" data-name=\"Trazado 223\" d=\"M237.268,311.739l-3.27-.025v-5.392H229.5v5.317l-3.27-.05,5.592,5.592Z\" transform=\"translate(-77.04 -283.037)\" fill=\"#231f20\"><\/path><\/g><\/svg>\t\t\t\t\t\t<\/span>\n\t\t\t\t\t\t\t\t\t\t<span class=\"elementor-icon-list-text\">BOE-A-2022-802.pdf <\/span>\n\t\t\t\t\t\t\t\t\t\t\t<\/a>\n\t\t\t\t\t\t\t\t\t<\/li>\n\t\t\t\t\t\t\t\t<li class=\"elementor-icon-list-item\">\n\t\t\t\t\t\t\t\t\t\t\t<a href=\"https:\/\/nousespais.es\/wp-content\/uploads\/2022\/07\/consejo-de-ministros-18-01-22.pdf\" target=\"_blank\">\n\n\t\t\t\t\t\t\t\t\t\t\t\t<span class=\"elementor-icon-list-icon\">\n\t\t\t\t\t\t\t<svg xmlns=\"http:\/\/www.w3.org\/2000\/svg\" width=\"18.774\" height=\"24.316\" viewBox=\"0 0 18.774 24.316\"><g id=\"noun-pdf-3071298\" transform=\"translate(-145.349 -9.828)\"><path id=\"Trazado_219\" data-name=\"Trazado 219\" d=\"M213.376,136.465a2.248,2.248,0,0,0,1.548-.449,1.744,1.744,0,0,0,.5-1.4,1.856,1.856,0,0,0-.5-1.423,2.274,2.274,0,0,0-1.573-.474h-1.673v5.193h1.049v-1.448Zm-.649-2.746h.6a1.3,1.3,0,0,1,.774.2.749.749,0,0,1,.25.649,1.033,1.033,0,0,1-.2.674.929.929,0,0,1-.724.225h-.7Z\" transform=\"translate(-63.133 -117.175)\" fill=\"#231f20\"><\/path><path id=\"Trazado_220\" data-name=\"Trazado 220\" d=\"M309.963,136.653a2.643,2.643,0,0,0,.649-1.922,2.591,2.591,0,0,0-.674-1.9,2.637,2.637,0,0,0-1.947-.674h-1.673v5.193h1.623a2.563,2.563,0,0,0,2.022-.7Zm-.8-.7a1.416,1.416,0,0,1-1.1.4h-.674v-3.171h.6a1.628,1.628,0,0,1,1.2.424,1.707,1.707,0,0,1,.4,1.173,1.846,1.846,0,0,1-.424,1.173Z\" transform=\"translate(-153.554 -116.639)\" fill=\"#231f20\"><\/path><path id=\"Trazado_221\" data-name=\"Trazado 221\" d=\"M418.764,133.743v-1.024h-3.245v5.193h1.049v-2.047h2.072v-1h-2.072v-1.123Z\" transform=\"translate(-257.887 -117.174)\" fill=\"#231f20\"><\/path><path id=\"Trazado_222\" data-name=\"Trazado 222\" d=\"M162.25,10.078H147.172a1.566,1.566,0,0,0-1.573,1.573V30.074a1.566,1.566,0,0,0,1.573,1.573h3.47l-.949-.949h-2.5a.618.618,0,0,1-.624-.624V11.651a.618.618,0,0,1,.624-.624h15.1a.618.618,0,0,1,.624.624V30.074a.618.618,0,0,1-.624.624h-2.147l-.949.949h3.1a1.566,1.566,0,0,0,1.573-1.573V11.651a1.626,1.626,0,0,0-1.623-1.573Z\" transform=\"translate(0 0)\" fill=\"#231f20\"><\/path><path id=\"Trazado_222_-_Contorno\" data-name=\"Trazado 222 - Contorno\" d=\"M147.172,9.828H162.25a1.884,1.884,0,0,1,1.873,1.816V30.074A1.825,1.825,0,0,1,162.3,31.9h-3.7l1.449-1.449h2.25a.37.37,0,0,0,.374-.374V11.651a.37.37,0,0,0-.374-.374H147.2a.37.37,0,0,0-.374.374V30.074a.37.37,0,0,0,.374.374h2.6l1.449,1.449h-4.074a1.825,1.825,0,0,1-1.823-1.823V11.651A1.825,1.825,0,0,1,147.172,9.828Zm16.451,1.827a1.381,1.381,0,0,0-1.373-1.327H147.172a1.309,1.309,0,0,0-1.323,1.323V30.074a1.309,1.309,0,0,0,1.323,1.323h2.866l-.449-.449H147.2a.865.865,0,0,1-.874-.874V11.651a.865.865,0,0,1,.874-.874h15.1a.865.865,0,0,1,.874.874V30.074a.865.865,0,0,1-.874.874h-2.043l-.449.449H162.3a1.309,1.309,0,0,0,1.323-1.323Z\" transform=\"translate(0 0)\" fill=\"#231f20\"><\/path><path id=\"Trazado_223\" data-name=\"Trazado 223\" d=\"M237.268,311.739l-3.27-.025v-5.392H229.5v5.317l-3.27-.05,5.592,5.592Z\" transform=\"translate(-77.04 -283.037)\" fill=\"#231f20\"><\/path><\/g><\/svg>\t\t\t\t\t\t<\/span>\n\t\t\t\t\t\t\t\t\t\t<span class=\"elementor-icon-list-text\">Consejo de Ministros 18-01-22.pdf <\/span>\n\t\t\t\t\t\t\t\t\t\t\t<\/a>\n\t\t\t\t\t\t\t\t\t<\/li>\n\t\t\t\t\t\t<\/ul>\n\t\t\t\t\t\t<\/div>\n\t\t\t\t<\/div>\n\t\t\t\t<div class=\"elementor-element elementor-element-5873e456 elementor-align-left elementor-widget elementor-widget-button\" data-id=\"5873e456\" data-element_type=\"widget\" data-widget_type=\"button.default\">\n\t\t\t\t<div class=\"elementor-widget-container\">\n\t\t\t\t\t\t\t\t\t<div class=\"elementor-button-wrapper\">\n\t\t\t\t\t<a class=\"elementor-button elementor-button-link elementor-size-sm\" href=\"https:\/\/nousespais.es\/noticias\/\">\n\t\t\t\t\t\t<span class=\"elementor-button-content-wrapper\">\n\t\t\t\t\t\t\t\t\t<span class=\"elementor-button-text\">VOLVER<\/span>\n\t\t\t\t\t<\/span>\n\t\t\t\t\t<\/a>\n\t\t\t\t<\/div>\n\t\t\t\t\t\t\t\t<\/div>\n\t\t\t\t<\/div>\n\t\t\t\t\t<\/div>\n\t\t<\/div>\n\t\t\t\t\t<\/div>\n\t\t<\/section>\n\t\t\t\t<\/div>\n\t\t","protected":false},"excerpt":{"rendered":"<p>APROVAT PLA ESTATAL PER A L&#8217;ACC\u00c9S A L&#8217;HABITATGE 2022-2025 I BONO LLOGUER JOVE PLA ESTATAL PER A l&#8217;ACC\u00c9S A l&#8217;HABITATGE 2022-2025 I BONO LLOGUER JOVE El Consell de Ministres ha aprovat el Reial decret pel qual es regula el Bo Lloguer Jove i el Pla Estatal per a l&#8217;Acc\u00e9s a l&#8217;Habitatge 2022-2025.El Pla Estatal per [&hellip;]<\/p>\n","protected":false},"author":1,"featured_media":5717,"comment_status":"closed","ping_status":"open","sticky":false,"template":"","format":"standard","meta":{"_acf_changed":false,"footnotes":""},"categories":[24],"tags":[],"class_list":["post-6162","post","type-post","status-publish","format-standard","has-post-thumbnail","hentry","category-noticies"],"acf":[],"_links":{"self":[{"href":"https:\/\/nousespais.es\/va\/wp-json\/wp\/v2\/posts\/6162","targetHints":{"allow":["GET"]}}],"collection":[{"href":"https:\/\/nousespais.es\/va\/wp-json\/wp\/v2\/posts"}],"about":[{"href":"https:\/\/nousespais.es\/va\/wp-json\/wp\/v2\/types\/post"}],"author":[{"embeddable":true,"href":"https:\/\/nousespais.es\/va\/wp-json\/wp\/v2\/users\/1"}],"replies":[{"embeddable":true,"href":"https:\/\/nousespais.es\/va\/wp-json\/wp\/v2\/comments?post=6162"}],"version-history":[{"count":8,"href":"https:\/\/nousespais.es\/va\/wp-json\/wp\/v2\/posts\/6162\/revisions"}],"predecessor-version":[{"id":6174,"href":"https:\/\/nousespais.es\/va\/wp-json\/wp\/v2\/posts\/6162\/revisions\/6174"}],"wp:featuredmedia":[{"embeddable":true,"href":"https:\/\/nousespais.es\/va\/wp-json\/wp\/v2\/media\/5717"}],"wp:attachment":[{"href":"https:\/\/nousespais.es\/va\/wp-json\/wp\/v2\/media?parent=6162"}],"wp:term":[{"taxonomy":"category","embeddable":true,"href":"https:\/\/nousespais.es\/va\/wp-json\/wp\/v2\/categories?post=6162"},{"taxonomy":"post_tag","embeddable":true,"href":"https:\/\/nousespais.es\/va\/wp-json\/wp\/v2\/tags?post=6162"}],"curies":[{"name":"wp","href":"https:\/\/api.w.org\/{rel}","templated":true}]}}