{"id":6175,"date":"2022-01-13T21:07:31","date_gmt":"2022-01-13T21:07:31","guid":{"rendered":"https:\/\/nousespais.es\/llitats-definitius-ajudes-lloguer-gva-2021\/"},"modified":"2022-07-07T13:08:01","modified_gmt":"2022-07-07T13:08:01","slug":"llitats-definitius-ajudes-lloguer-gva-2021","status":"publish","type":"post","link":"https:\/\/nousespais.es\/va\/llitats-definitius-ajudes-lloguer-gva-2021\/","title":{"rendered":"LLITATS DEFINITIUS AJUDES LLOGUER GVA 2021"},"content":{"rendered":"\t\t<div data-elementor-type=\"wp-post\" data-elementor-id=\"6175\" class=\"elementor elementor-6175\" data-elementor-post-type=\"post\">\n\t\t\t\t\t\t<section class=\"elementor-section elementor-top-section elementor-element elementor-element-1bdacc64 elementor-section-boxed elementor-section-height-default elementor-section-height-default\" data-id=\"1bdacc64\" data-element_type=\"section\">\n\t\t\t\t\t\t<div class=\"elementor-container elementor-column-gap-default\">\n\t\t\t\t\t<div class=\"elementor-column elementor-col-100 elementor-top-column elementor-element elementor-element-5df541b6\" data-id=\"5df541b6\" data-element_type=\"column\">\n\t\t\t<div class=\"elementor-widget-wrap elementor-element-populated\">\n\t\t\t\t\t\t<div class=\"elementor-element elementor-element-5510e2c5 elementor-widget elementor-widget-image\" data-id=\"5510e2c5\" data-element_type=\"widget\" data-widget_type=\"image.default\">\n\t\t\t\t<div class=\"elementor-widget-container\">\n\t\t\t\t\t\t\t\t\t\t\t\t\t\t\t<img fetchpriority=\"high\" decoding=\"async\" width=\"340\" height=\"200\" src=\"https:\/\/nousespais.es\/wp-content\/uploads\/2022\/05\/art-9-ayudas-alquiler-gv-plan-2015-2016.jpg\" class=\"attachment-full size-full wp-image-1249\" alt=\"\" srcset=\"https:\/\/nousespais.es\/wp-content\/uploads\/2022\/05\/art-9-ayudas-alquiler-gv-plan-2015-2016.jpg 340w, https:\/\/nousespais.es\/wp-content\/uploads\/2022\/05\/art-9-ayudas-alquiler-gv-plan-2015-2016-300x176.jpg 300w\" sizes=\"(max-width: 340px) 100vw, 340px\" \/>\t\t\t\t\t\t\t\t\t\t\t\t\t\t\t<\/div>\n\t\t\t\t<\/div>\n\t\t\t\t<div class=\"elementor-element elementor-element-38bef259 elementor-widget elementor-widget-heading\" data-id=\"38bef259\" data-element_type=\"widget\" data-widget_type=\"heading.default\">\n\t\t\t\t<div class=\"elementor-widget-container\">\n\t\t\t\t\t<h2 class=\"elementor-heading-title elementor-size-default\">LLITATS DEFINITIUS AJUDES LLOGUER GVA 2021<\/h2>\t\t\t\t<\/div>\n\t\t\t\t<\/div>\n\t\t\t\t<div class=\"elementor-element elementor-element-775ef09e elementor-widget elementor-widget-text-editor\" data-id=\"775ef09e\" data-element_type=\"widget\" data-widget_type=\"text-editor.default\">\n\t\t\t\t<div class=\"elementor-widget-container\">\n\t\t\t\t\t\t\t\t\t<div class=\"item-content\"><div class=\"item-text\"><div class=\"wp-field wp-field-content wp-field-type-htmlcontent\"><p>Publicats llistats definitius de les ajudes de lloguer de la Generalitat Valenciana 2021:<\/p><p><a href=\"https:\/\/dogv.gva.es\/datos\/2022\/01\/07\/pdf\/2021_13235.pdf\"><strong>https:\/\/dogv.gva.es\/datos\/2022\/01\/07\/pdf\/2021_13235.pdf<\/strong><\/a>\u00a0 \u00a0\u00a0<\/p><p><strong><a href=\"https:\/\/dogv.gva.es\/datos\/2022\/01\/04\/pdf\/2021_13176.pdf\">https:\/\/dogv.gva.es\/datos\/2022\/01\/04\/pdf\/2021_13176.pdf<\/a>\u00a0<\/strong><\/p><p>Pot consultar la seua resoluci\u00f3 en el seg\u00fcent enlla\u00e7:<\/p><p><a href=\"https:\/\/simulviv.gva.es\/simulviv\/busqueda.aspx?idioma=C\"><strong>https:\/\/simulviv.gva.es\/simulviv\/busqueda.aspx?idioma=C<\/strong><\/a><\/p><p><strong><em>NOTA IMPORTANT:<\/em><\/strong> SOLAMENT ELS QUE TINGUEN L&#8217;AJUDA CONCEDIDA, DISPOSEN <strong>FINS Al 31 DE GENER<\/strong> PER A PRESENTAR ELS REBUTS DE NOVEMBRE I DESEMBRE. DEMANAR CITA PR\u00c8VIA Al 96.156.54.56. (Opci\u00f3 1)<\/p><\/div><\/div><\/div>\t\t\t\t\t\t\t\t<\/div>\n\t\t\t\t<\/div>\n\t\t\t\t<div class=\"elementor-element elementor-element-5873e456 elementor-align-left elementor-widget elementor-widget-button\" data-id=\"5873e456\" data-element_type=\"widget\" data-widget_type=\"button.default\">\n\t\t\t\t<div class=\"elementor-widget-container\">\n\t\t\t\t\t\t\t\t\t<div class=\"elementor-button-wrapper\">\n\t\t\t\t\t<a class=\"elementor-button elementor-button-link elementor-size-sm\" href=\"https:\/\/nousespais.es\/noticias\/\">\n\t\t\t\t\t\t<span class=\"elementor-button-content-wrapper\">\n\t\t\t\t\t\t\t\t\t<span class=\"elementor-button-text\">VOLVER<\/span>\n\t\t\t\t\t<\/span>\n\t\t\t\t\t<\/a>\n\t\t\t\t<\/div>\n\t\t\t\t\t\t\t\t<\/div>\n\t\t\t\t<\/div>\n\t\t\t\t\t<\/div>\n\t\t<\/div>\n\t\t\t\t\t<\/div>\n\t\t<\/section>\n\t\t\t\t<\/div>\n\t\t","protected":false},"excerpt":{"rendered":"<p>LLITATS DEFINITIUS AJUDES LLOGUER GVA 2021 Publicats llistats definitius de les ajudes de lloguer de la Generalitat Valenciana 2021: https:\/\/dogv.gva.es\/datos\/2022\/01\/07\/pdf\/2021_13235.pdf\u00a0 \u00a0\u00a0 https:\/\/dogv.gva.es\/datos\/2022\/01\/04\/pdf\/2021_13176.pdf\u00a0 Pot consultar la seua resoluci\u00f3 en el seg\u00fcent enlla\u00e7: https:\/\/simulviv.gva.es\/simulviv\/busqueda.aspx?idioma=C NOTA IMPORTANT: SOLAMENT ELS QUE TINGUEN L&#8217;AJUDA CONCEDIDA, DISPOSEN FINS Al 31 DE GENER PER A PRESENTAR ELS REBUTS DE NOVEMBRE I DESEMBRE. [&hellip;]<\/p>\n","protected":false},"author":1,"featured_media":2674,"comment_status":"closed","ping_status":"open","sticky":false,"template":"","format":"standard","meta":{"_acf_changed":false,"footnotes":""},"categories":[24],"tags":[],"class_list":["post-6175","post","type-post","status-publish","format-standard","has-post-thumbnail","hentry","category-noticies"],"acf":[],"_links":{"self":[{"href":"https:\/\/nousespais.es\/va\/wp-json\/wp\/v2\/posts\/6175","targetHints":{"allow":["GET"]}}],"collection":[{"href":"https:\/\/nousespais.es\/va\/wp-json\/wp\/v2\/posts"}],"about":[{"href":"https:\/\/nousespais.es\/va\/wp-json\/wp\/v2\/types\/post"}],"author":[{"embeddable":true,"href":"https:\/\/nousespais.es\/va\/wp-json\/wp\/v2\/users\/1"}],"replies":[{"embeddable":true,"href":"https:\/\/nousespais.es\/va\/wp-json\/wp\/v2\/comments?post=6175"}],"version-history":[{"count":8,"href":"https:\/\/nousespais.es\/va\/wp-json\/wp\/v2\/posts\/6175\/revisions"}],"predecessor-version":[{"id":6187,"href":"https:\/\/nousespais.es\/va\/wp-json\/wp\/v2\/posts\/6175\/revisions\/6187"}],"wp:featuredmedia":[{"embeddable":true,"href":"https:\/\/nousespais.es\/va\/wp-json\/wp\/v2\/media\/2674"}],"wp:attachment":[{"href":"https:\/\/nousespais.es\/va\/wp-json\/wp\/v2\/media?parent=6175"}],"wp:term":[{"taxonomy":"category","embeddable":true,"href":"https:\/\/nousespais.es\/va\/wp-json\/wp\/v2\/categories?post=6175"},{"taxonomy":"post_tag","embeddable":true,"href":"https:\/\/nousespais.es\/va\/wp-json\/wp\/v2\/tags?post=6175"}],"curies":[{"name":"wp","href":"https:\/\/api.w.org\/{rel}","templated":true}]}}