{"id":6278,"date":"2020-08-07T19:22:51","date_gmt":"2020-08-07T19:22:51","guid":{"rendered":"https:\/\/nousespais.es\/publicado-listado-provisional-ayudas-covid-19-generalitat\/"},"modified":"2022-07-07T13:09:21","modified_gmt":"2022-07-07T13:09:21","slug":"publicado-listado-provisional-ayudas-covid-19-generalitat","status":"publish","type":"post","link":"https:\/\/nousespais.es\/va\/publicado-listado-provisional-ayudas-covid-19-generalitat\/","title":{"rendered":"PUBLICADO LISTADO PROVISIONAL AYUDAS COVID-19 GENERALITAT"},"content":{"rendered":"\t\t<div data-elementor-type=\"wp-post\" data-elementor-id=\"6278\" class=\"elementor elementor-6278\" data-elementor-post-type=\"post\">\n\t\t\t\t\t\t<section class=\"elementor-section elementor-top-section elementor-element elementor-element-6e25d26d elementor-section-boxed elementor-section-height-default elementor-section-height-default\" data-id=\"6e25d26d\" data-element_type=\"section\">\n\t\t\t\t\t\t<div class=\"elementor-container elementor-column-gap-default\">\n\t\t\t\t\t<div class=\"elementor-column elementor-col-100 elementor-top-column elementor-element elementor-element-705295c9\" data-id=\"705295c9\" data-element_type=\"column\">\n\t\t\t<div class=\"elementor-widget-wrap elementor-element-populated\">\n\t\t\t\t\t\t<div class=\"elementor-element elementor-element-3ce5f2b4 elementor-widget elementor-widget-image\" data-id=\"3ce5f2b4\" data-element_type=\"widget\" data-widget_type=\"image.default\">\n\t\t\t\t<div class=\"elementor-widget-container\">\n\t\t\t\t\t\t\t\t\t\t\t\t\t\t\t<img fetchpriority=\"high\" decoding=\"async\" width=\"340\" height=\"200\" src=\"https:\/\/nousespais.es\/wp-content\/uploads\/2020\/02\/art-9-ayudas-alquiler-gv-plan-2015-2016.jpg\" class=\"attachment-full size-full wp-image-5616\" alt=\"\" srcset=\"https:\/\/nousespais.es\/wp-content\/uploads\/2020\/02\/art-9-ayudas-alquiler-gv-plan-2015-2016.jpg 340w, https:\/\/nousespais.es\/wp-content\/uploads\/2020\/02\/art-9-ayudas-alquiler-gv-plan-2015-2016-300x176.jpg 300w\" sizes=\"(max-width: 340px) 100vw, 340px\" \/>\t\t\t\t\t\t\t\t\t\t\t\t\t\t\t<\/div>\n\t\t\t\t<\/div>\n\t\t\t\t<div class=\"elementor-element elementor-element-39aeca90 elementor-widget elementor-widget-heading\" data-id=\"39aeca90\" data-element_type=\"widget\" data-widget_type=\"heading.default\">\n\t\t\t\t<div class=\"elementor-widget-container\">\n\t\t\t\t\t<h2 class=\"elementor-heading-title elementor-size-default\">PUBLICAT LLISTAT PROVISIONAL AJUDES COVID-19 GENERALITAT<\/h2>\t\t\t\t<\/div>\n\t\t\t\t<\/div>\n\t\t\t\t<div class=\"elementor-element elementor-element-19e5174f elementor-widget elementor-widget-text-editor\" data-id=\"19e5174f\" data-element_type=\"widget\" data-widget_type=\"text-editor.default\">\n\t\t\t\t<div class=\"elementor-widget-container\">\n\t\t\t\t\t\t\t\t\t<div class=\"col-md-8 col-lg-9\"><div class=\"item-content\"><div class=\"item-text\"><div class=\"wp-field wp-field-content wp-field-type-htmlcontent\"><p><strong><em>ATENCI\u00d3 ELS DIES 12 I 14 D&#8217;AGOST EN LES NOSTRES OFICINES I AL TEL\u00c8FON 96-156 54 56 (de 09:00h a 14:00h).<\/em><\/strong><\/p><p>Amb data 6 d&#8217;agost de 2020, d&#8217;acord amb l&#8217;article 10 del Decret 52\/2020, de 24 d&#8217;abril, del Consell, d&#8217;aprovaci\u00f3 de bases reguladores per a la concessi\u00f3 directa d&#8217;ajudes per a contribuir a minimitzar l&#8217;impacte econ\u00f2mic i social de la Covid-19 en els lloguers d&#8217;habitatge habitual, es publica el <strong><a href=\"http:\/\/nousespais.estamosenbeta.com\/rs\/6230\/d112d6ad-54ec-438b-9358-4483f9e98868\/617\/filename\/listado-provisional-ayudas-alquiler-vivienda-habitual-covid-19.pdf\" target=\"_blank\" rel=\"noopener\">llistat provisional de les sol\u00b7licituds que han resultat ADMESES I\/O EXCLOSES<\/a><\/strong> per no complir algun dels requisits exigits en la convocat\u00f2ria.\u00a0<\/p><p>Per a consultar el seu expedient utilitze les opcions de cerca de visualitzaci\u00f3 d&#8217;arxius pdf del seu dispositiu, utilitzant el codi d&#8217;expedient que apareix en el missatge de text que li ha sigut rem\u00e9s al seu tel\u00e8fon m\u00f2bil.\u00a0<\/p><p>El termini per a per a realitzar les al\u00b7legacions o aportar la documentaci\u00f3 que s&#8217;estime pertinent s\u00f3n de 10 dies h\u00e0bils (no es computen dissabtes, diumenges ni festius) i comen\u00e7ar\u00e0 a comptar a partir del dia 7 d&#8217;agost de 2020. Per a acreditar el compliment del Requisit 1 haur\u00e0 d&#8217;acompanyar, almenys, certificaci\u00f3 expedida pel SEPE acreditativa que el passe a la situaci\u00f3 de desocupaci\u00f3 o ERTE ho ha sigut per motiu del COVID19. Per a acreditar el compliment del Requisit 2 haur\u00e0 d&#8217;acompanyar, aix\u00ed mateix, certificaci\u00f3 expedida per l&#8217;AEAT relativa als ingressos declarats per tots els membres de la unitat de conviv\u00e8ncia en l&#8217;exercici fiscal 2018.<\/p><p>M\u00e9s informaci\u00f3 en la web de GVA, click <strong><a href=\"http:\/\/www.habitatge.gva.es\/va\/web\/vivienda-y-calidad-en-la-edificacion\/ajudes-convocatories-2020\/-\/asset_publisher\/30neCx9NhA1A\/content\/ajudes-al-lloguer-covid-19?redirect=http%3A%2F%2Fwww.habitatge.gva.es%2Fca%2Fweb%2Fvivienda-y-calidad-en-la-edificacion%2Fajudes-convocatories-2020%3Fp_p_id%3D101_INSTANCE_30neCx9NhA1A&amp;p_p_lifecycle%3D0&amp;p_p_state%3Dnormal&amp;p_p_mode%3Dview&amp;p_p_col_id%3Dcolumn-2&amp;p_p_col_count%3D1\" target=\"_blank\" rel=\"noopener\">a\u00e7\u00ed<\/a><\/strong>.<\/p><\/div><\/div><\/div><\/div>\t\t\t\t\t\t\t\t<\/div>\n\t\t\t\t<\/div>\n\t\t\t\t<div class=\"elementor-element elementor-element-3310423c elementor-icon-list--layout-traditional elementor-list-item-link-full_width elementor-widget elementor-widget-icon-list\" data-id=\"3310423c\" data-element_type=\"widget\" data-widget_type=\"icon-list.default\">\n\t\t\t\t<div class=\"elementor-widget-container\">\n\t\t\t\t\t\t\t<ul class=\"elementor-icon-list-items\">\n\t\t\t\t\t\t\t<li class=\"elementor-icon-list-item\">\n\t\t\t\t\t\t\t\t\t\t\t<a href=\"https:\/\/nousespais.es\/wp-content\/uploads\/2022\/07\/listado-provisional-ayudas-alquiler-vivienda-habitual-covid-19.pdf\" target=\"_blank\">\n\n\t\t\t\t\t\t\t\t\t\t\t\t<span class=\"elementor-icon-list-icon\">\n\t\t\t\t\t\t\t<svg xmlns=\"http:\/\/www.w3.org\/2000\/svg\" width=\"18.774\" height=\"24.316\" viewBox=\"0 0 18.774 24.316\"><g id=\"noun-pdf-3071298\" transform=\"translate(-145.349 -9.828)\"><path id=\"Trazado_219\" data-name=\"Trazado 219\" d=\"M213.376,136.465a2.248,2.248,0,0,0,1.548-.449,1.744,1.744,0,0,0,.5-1.4,1.856,1.856,0,0,0-.5-1.423,2.274,2.274,0,0,0-1.573-.474h-1.673v5.193h1.049v-1.448Zm-.649-2.746h.6a1.3,1.3,0,0,1,.774.2.749.749,0,0,1,.25.649,1.033,1.033,0,0,1-.2.674.929.929,0,0,1-.724.225h-.7Z\" transform=\"translate(-63.133 -117.175)\" fill=\"#231f20\"><\/path><path id=\"Trazado_220\" data-name=\"Trazado 220\" d=\"M309.963,136.653a2.643,2.643,0,0,0,.649-1.922,2.591,2.591,0,0,0-.674-1.9,2.637,2.637,0,0,0-1.947-.674h-1.673v5.193h1.623a2.563,2.563,0,0,0,2.022-.7Zm-.8-.7a1.416,1.416,0,0,1-1.1.4h-.674v-3.171h.6a1.628,1.628,0,0,1,1.2.424,1.707,1.707,0,0,1,.4,1.173,1.846,1.846,0,0,1-.424,1.173Z\" transform=\"translate(-153.554 -116.639)\" fill=\"#231f20\"><\/path><path id=\"Trazado_221\" data-name=\"Trazado 221\" d=\"M418.764,133.743v-1.024h-3.245v5.193h1.049v-2.047h2.072v-1h-2.072v-1.123Z\" transform=\"translate(-257.887 -117.174)\" fill=\"#231f20\"><\/path><path id=\"Trazado_222\" data-name=\"Trazado 222\" d=\"M162.25,10.078H147.172a1.566,1.566,0,0,0-1.573,1.573V30.074a1.566,1.566,0,0,0,1.573,1.573h3.47l-.949-.949h-2.5a.618.618,0,0,1-.624-.624V11.651a.618.618,0,0,1,.624-.624h15.1a.618.618,0,0,1,.624.624V30.074a.618.618,0,0,1-.624.624h-2.147l-.949.949h3.1a1.566,1.566,0,0,0,1.573-1.573V11.651a1.626,1.626,0,0,0-1.623-1.573Z\" transform=\"translate(0 0)\" fill=\"#231f20\"><\/path><path id=\"Trazado_222_-_Contorno\" data-name=\"Trazado 222 - Contorno\" d=\"M147.172,9.828H162.25a1.884,1.884,0,0,1,1.873,1.816V30.074A1.825,1.825,0,0,1,162.3,31.9h-3.7l1.449-1.449h2.25a.37.37,0,0,0,.374-.374V11.651a.37.37,0,0,0-.374-.374H147.2a.37.37,0,0,0-.374.374V30.074a.37.37,0,0,0,.374.374h2.6l1.449,1.449h-4.074a1.825,1.825,0,0,1-1.823-1.823V11.651A1.825,1.825,0,0,1,147.172,9.828Zm16.451,1.827a1.381,1.381,0,0,0-1.373-1.327H147.172a1.309,1.309,0,0,0-1.323,1.323V30.074a1.309,1.309,0,0,0,1.323,1.323h2.866l-.449-.449H147.2a.865.865,0,0,1-.874-.874V11.651a.865.865,0,0,1,.874-.874h15.1a.865.865,0,0,1,.874.874V30.074a.865.865,0,0,1-.874.874h-2.043l-.449.449H162.3a1.309,1.309,0,0,0,1.323-1.323Z\" transform=\"translate(0 0)\" fill=\"#231f20\"><\/path><path id=\"Trazado_223\" data-name=\"Trazado 223\" d=\"M237.268,311.739l-3.27-.025v-5.392H229.5v5.317l-3.27-.05,5.592,5.592Z\" transform=\"translate(-77.04 -283.037)\" fill=\"#231f20\"><\/path><\/g><\/svg>\t\t\t\t\t\t<\/span>\n\t\t\t\t\t\t\t\t\t\t<span class=\"elementor-icon-list-text\">Listado provisional ayudas alquiler vivienda habitual Covid 19.pdf <\/span>\n\t\t\t\t\t\t\t\t\t\t\t<\/a>\n\t\t\t\t\t\t\t\t\t<\/li>\n\t\t\t\t\t\t<\/ul>\n\t\t\t\t\t\t<\/div>\n\t\t\t\t<\/div>\n\t\t\t\t<div class=\"elementor-element elementor-element-78eb4dfa elementor-align-left elementor-widget elementor-widget-button\" data-id=\"78eb4dfa\" data-element_type=\"widget\" data-widget_type=\"button.default\">\n\t\t\t\t<div class=\"elementor-widget-container\">\n\t\t\t\t\t\t\t\t\t<div class=\"elementor-button-wrapper\">\n\t\t\t\t\t<a class=\"elementor-button elementor-button-link elementor-size-sm\" href=\"https:\/\/nousespais.es\/noticias\/\">\n\t\t\t\t\t\t<span class=\"elementor-button-content-wrapper\">\n\t\t\t\t\t\t\t\t\t<span class=\"elementor-button-text\">VOLVER<\/span>\n\t\t\t\t\t<\/span>\n\t\t\t\t\t<\/a>\n\t\t\t\t<\/div>\n\t\t\t\t\t\t\t\t<\/div>\n\t\t\t\t<\/div>\n\t\t\t\t<section class=\"elementor-section elementor-inner-section elementor-element elementor-element-280e7faf elementor-section-boxed elementor-section-height-default elementor-section-height-default\" data-id=\"280e7faf\" data-element_type=\"section\">\n\t\t\t\t\t\t<div class=\"elementor-container elementor-column-gap-default\">\n\t\t\t\t\t<div class=\"elementor-column elementor-col-50 elementor-inner-column elementor-element elementor-element-3e1a7123\" data-id=\"3e1a7123\" data-element_type=\"column\">\n\t\t\t<div class=\"elementor-widget-wrap elementor-element-populated\">\n\t\t\t\t\t\t<div class=\"elementor-element elementor-element-199f7766 elementor-widget elementor-widget-image\" data-id=\"199f7766\" data-element_type=\"widget\" data-widget_type=\"image.default\">\n\t\t\t\t<div class=\"elementor-widget-container\">\n\t\t\t\t\t\t\t\t\t\t\t\t\t\t\t<img decoding=\"async\" width=\"235\" height=\"332\" src=\"https:\/\/nousespais.es\/wp-content\/uploads\/2020\/05\/info-alquiler-covid19-cas.jpg\" class=\"attachment-large size-large wp-image-5733\" alt=\"\" srcset=\"https:\/\/nousespais.es\/wp-content\/uploads\/2020\/05\/info-alquiler-covid19-cas.jpg 235w, https:\/\/nousespais.es\/wp-content\/uploads\/2020\/05\/info-alquiler-covid19-cas-212x300.jpg 212w\" sizes=\"(max-width: 235px) 100vw, 235px\" \/>\t\t\t\t\t\t\t\t\t\t\t\t\t\t\t<\/div>\n\t\t\t\t<\/div>\n\t\t\t\t\t<\/div>\n\t\t<\/div>\n\t\t\t\t<div class=\"elementor-column elementor-col-50 elementor-inner-column elementor-element elementor-element-e52cfa9\" data-id=\"e52cfa9\" data-element_type=\"column\">\n\t\t\t<div class=\"elementor-widget-wrap\">\n\t\t\t\t\t\t\t<\/div>\n\t\t<\/div>\n\t\t\t\t\t<\/div>\n\t\t<\/section>\n\t\t\t\t\t<\/div>\n\t\t<\/div>\n\t\t\t\t\t<\/div>\n\t\t<\/section>\n\t\t\t\t<\/div>\n\t\t","protected":false},"excerpt":{"rendered":"<p>PUBLICAT LLISTAT PROVISIONAL AJUDES COVID-19 GENERALITAT ATENCI\u00d3 ELS DIES 12 I 14 D&#8217;AGOST EN LES NOSTRES OFICINES I AL TEL\u00c8FON 96-156 54 56 (de 09:00h a 14:00h). Amb data 6 d&#8217;agost de 2020, d&#8217;acord amb l&#8217;article 10 del Decret 52\/2020, de 24 d&#8217;abril, del Consell, d&#8217;aprovaci\u00f3 de bases reguladores per a la concessi\u00f3 directa d&#8217;ajudes [&hellip;]<\/p>\n","protected":false},"author":1,"featured_media":5617,"comment_status":"closed","ping_status":"open","sticky":false,"template":"elementor_header_footer","format":"standard","meta":{"_acf_changed":false,"footnotes":""},"categories":[24],"tags":[],"class_list":["post-6278","post","type-post","status-publish","format-standard","has-post-thumbnail","hentry","category-noticies"],"acf":[],"_links":{"self":[{"href":"https:\/\/nousespais.es\/va\/wp-json\/wp\/v2\/posts\/6278","targetHints":{"allow":["GET"]}}],"collection":[{"href":"https:\/\/nousespais.es\/va\/wp-json\/wp\/v2\/posts"}],"about":[{"href":"https:\/\/nousespais.es\/va\/wp-json\/wp\/v2\/types\/post"}],"author":[{"embeddable":true,"href":"https:\/\/nousespais.es\/va\/wp-json\/wp\/v2\/users\/1"}],"replies":[{"embeddable":true,"href":"https:\/\/nousespais.es\/va\/wp-json\/wp\/v2\/comments?post=6278"}],"version-history":[{"count":14,"href":"https:\/\/nousespais.es\/va\/wp-json\/wp\/v2\/posts\/6278\/revisions"}],"predecessor-version":[{"id":6302,"href":"https:\/\/nousespais.es\/va\/wp-json\/wp\/v2\/posts\/6278\/revisions\/6302"}],"wp:featuredmedia":[{"embeddable":true,"href":"https:\/\/nousespais.es\/va\/wp-json\/wp\/v2\/media\/5617"}],"wp:attachment":[{"href":"https:\/\/nousespais.es\/va\/wp-json\/wp\/v2\/media?parent=6278"}],"wp:term":[{"taxonomy":"category","embeddable":true,"href":"https:\/\/nousespais.es\/va\/wp-json\/wp\/v2\/categories?post=6278"},{"taxonomy":"post_tag","embeddable":true,"href":"https:\/\/nousespais.es\/va\/wp-json\/wp\/v2\/tags?post=6278"}],"curies":[{"name":"wp","href":"https:\/\/api.w.org\/{rel}","templated":true}]}}