{"id":7212,"date":"2014-09-19T13:51:57","date_gmt":"2014-09-19T13:51:57","guid":{"rendered":"https:\/\/nousespais.es\/pla-de-barris-casc-antic-poble-nou-pla-de-barris-casc-antic-poble-nou\/"},"modified":"2022-09-21T11:07:38","modified_gmt":"2022-09-21T11:07:38","slug":"pla-de-barris-casc-antic-poble-nou-pla-de-barris-casc-antic-poble-nou","status":"publish","type":"post","link":"https:\/\/nousespais.es\/va\/pla-de-barris-casc-antic-poble-nou-pla-de-barris-casc-antic-poble-nou\/","title":{"rendered":"Pla de Barris. Casc Antic &#8211; Poble Nou Pla de Barris. Casc Antic &#8211; Poble Nou"},"content":{"rendered":"\n<figure class=\"wp-block-table\"><table><tbody><tr><th scope=\"row\">Expedient<\/th><td>05.23\/624.04\/1\/14<\/td><\/tr><tr><th>Anunci<\/th><td>Web Nous Espais Torrent<\/td><\/tr><tr><th>Tipus de contracte<\/th><td>Obres<\/td><\/tr><tr><th>Estat<\/th><td>TANCAT<\/td><\/tr><tr><th>Data i hora de publicaci\u00f3 a la web<\/th><td>19\/09\/2014 0:00:00<\/td><\/tr><\/tbody><\/table><\/figure>\n<p>Torrent, 19 de septiembre de 2014<\/p>\n\n<p>Estimats senyors contractistes:<\/p>\n\n<p>L&#8217;Ajuntament de Torrent a trav\u00e9s de la seua empresa p\u00fablica Nous Espais Torrent S.A. est\u00e0 executant les obres del Pla de Barris &#8211; 2014, que comprenen obres i treballs per a millorar la qualitat urbana dels barris de la Ciutat.<\/p>\n\n<p>En breu hauran d&#8217;iniciar-se els treballs i obres corresponents als barris CASC ANTIC i POBLE NOU, sobre els quals els t\u00e8cnics de Nous Espais han redactat els corresponents Projecte T\u00e8cnic i Plecs de Condicions del contracte d&#8217;obra, disponibles en obert en esta p\u00e0gina web de Nous Espais: <strong>www.nousespais.es<\/strong><\/p>\n\n<p>Els invitem a participar en el procediment per a la contractaci\u00f3 de la dita obra, al fi de la qual podran consultar la documentaci\u00f3 en la present web de Nous Espais, o passant per la nostra Oficina en Torrent, Pla\u00e7a Major, n\u00famero 31, a partir del pr\u00f2xim dia 22 de setembre.<\/p>\n\n<p>\n          <strong>El termini per a la presentaci\u00f3 d&#8217;ofertes finalitzar\u00e0 a les 13.00 h del dia 6 d&#8217;octubre de 2014.<\/strong>\n        <\/p>\n\n<p>Per a resoldre qualsevol dubte o aclariment podr\u00e0 contactar amb el Servici T\u00e8cnic de Nous Espais, en el tel\u00e8fon <strong>96 156 54 56<\/strong>, o a trav\u00e9s de correu electr\u00f2nic en:<\/p>\n\n<p>&#8211; Sara Vicens: <strong>sarav@nousespais.es<\/strong><\/p>\n\n<p>&#8211; Cristina Oltra: <strong>cristinao@nousespais.es<\/strong><\/p>\n\n<p>Sense un altre particular de moment, els saluda atentament:<\/p>\n\n<p>\n          <strong>Signat: M\u00aa Luisa Mart\u00ednez Ros<\/strong>\n        <\/p>\n\n<p>Consellera Delegada de Nous Espais Torrent S.A.<\/p>\n","protected":false},"excerpt":{"rendered":"<p>Expedient 05.23\/624.04\/1\/14 Anunci Web Nous Espais Torrent Tipus de contracte Obres Estat TANCAT Data i hora de publicaci\u00f3 a la web 19\/09\/2014 0:00:00 Torrent, 19 de septiembre de 2014 Estimats senyors contractistes: L&#8217;Ajuntament de Torrent a trav\u00e9s de la seua empresa p\u00fablica Nous Espais Torrent S.A. est\u00e0 executant les obres del Pla de Barris &#8211; [&hellip;]<\/p>\n","protected":false},"author":1,"featured_media":0,"comment_status":"closed","ping_status":"closed","sticky":false,"template":"","format":"standard","meta":{"_acf_changed":false,"footnotes":""},"categories":[35],"tags":[],"class_list":["post-7212","post","type-post","status-publish","format-standard","hentry","category-licitacions"],"acf":[],"_links":{"self":[{"href":"https:\/\/nousespais.es\/va\/wp-json\/wp\/v2\/posts\/7212","targetHints":{"allow":["GET"]}}],"collection":[{"href":"https:\/\/nousespais.es\/va\/wp-json\/wp\/v2\/posts"}],"about":[{"href":"https:\/\/nousespais.es\/va\/wp-json\/wp\/v2\/types\/post"}],"author":[{"embeddable":true,"href":"https:\/\/nousespais.es\/va\/wp-json\/wp\/v2\/users\/1"}],"replies":[{"embeddable":true,"href":"https:\/\/nousespais.es\/va\/wp-json\/wp\/v2\/comments?post=7212"}],"version-history":[{"count":3,"href":"https:\/\/nousespais.es\/va\/wp-json\/wp\/v2\/posts\/7212\/revisions"}],"predecessor-version":[{"id":8372,"href":"https:\/\/nousespais.es\/va\/wp-json\/wp\/v2\/posts\/7212\/revisions\/8372"}],"wp:attachment":[{"href":"https:\/\/nousespais.es\/va\/wp-json\/wp\/v2\/media?parent=7212"}],"wp:term":[{"taxonomy":"category","embeddable":true,"href":"https:\/\/nousespais.es\/va\/wp-json\/wp\/v2\/categories?post=7212"},{"taxonomy":"post_tag","embeddable":true,"href":"https:\/\/nousespais.es\/va\/wp-json\/wp\/v2\/tags?post=7212"}],"curies":[{"name":"wp","href":"https:\/\/api.w.org\/{rel}","templated":true}]}}