{"id":78202,"date":"2024-09-12T07:04:41","date_gmt":"2024-09-12T07:04:41","guid":{"rendered":"https:\/\/nousespais.es\/ajudes-lloguer-2024\/"},"modified":"2024-11-19T12:24:26","modified_gmt":"2024-11-19T12:24:26","slug":"ajudes-lloguer-2024","status":"publish","type":"post","link":"https:\/\/nousespais.es\/va\/ajudes-lloguer-2024\/","title":{"rendered":"AJUDES LLOGUER 2024"},"content":{"rendered":"\t\t<div data-elementor-type=\"wp-post\" data-elementor-id=\"78202\" class=\"elementor elementor-78202\" data-elementor-post-type=\"post\">\n\t\t\t\t\t\t<section class=\"elementor-section elementor-top-section elementor-element elementor-element-78c62707 elementor-section-boxed elementor-section-height-default elementor-section-height-default\" data-id=\"78c62707\" data-element_type=\"section\">\n\t\t\t\t\t\t<div class=\"elementor-container elementor-column-gap-default\">\n\t\t\t\t\t<div class=\"elementor-column elementor-col-100 elementor-top-column elementor-element elementor-element-73ae022e\" data-id=\"73ae022e\" data-element_type=\"column\">\n\t\t\t<div class=\"elementor-widget-wrap elementor-element-populated\">\n\t\t\t\t\t\t<div class=\"elementor-element elementor-element-14f36270 elementor-widget elementor-widget-heading\" data-id=\"14f36270\" data-element_type=\"widget\" data-widget_type=\"heading.default\">\n\t\t\t\t<div class=\"elementor-widget-container\">\n\t\t\t\t\t<h2 class=\"elementor-heading-title elementor-size-default\">AJUDES LLOGUER GVA 2024<\/h2>\t\t\t\t<\/div>\n\t\t\t\t<\/div>\n\t\t\t\t<div class=\"elementor-element elementor-element-dfc555c elementor-widget elementor-widget-text-editor\" data-id=\"dfc555c\" data-element_type=\"widget\" data-widget_type=\"text-editor.default\">\n\t\t\t\t<div class=\"elementor-widget-container\">\n\t\t\t\t\t\t\t\t\t<h5><span style=\"text-decoration: underline;\"><span style=\"color: #0000ff;\"><strong><em>Termini de presentaci\u00f3: fins el 4 d&#8217;octubre de 2024 (inclusivament).<\/em><\/strong><\/span><\/span><\/h5>\n<h3 style=\"margin-top: 0cm; background-image: initial; background-position: initial; background-size: initial; background-repeat: initial; background-attachment: initial; background-origin: initial; background-clip: initial;\"><span style=\"color: #1b1b1b; font-family: Roboto, Arial, Verdana, sans-serif; font-size: 14px; text-align: justify;\">S&#8217;ha publicat el <b>19 d&#8217;agosto de 2024<\/b>, en el DOGV, la <\/span><a style=\"color: #c70f2d; text-decoration-line: underline; font-family: Roboto, Arial, Verdana, sans-serif; font-size: 14px; text-align: justify; background-color: #ffffff;\" href=\"https:\/\/nousespais.es\/wp-content\/uploads\/2024\/09\/2024_8517_es.pdf\">CORRECCI\u00d3 D&#8217;ERRORS de la Resoluci\u00f3 de 5 d&#8217;agosto de 2024, de la Vicepresid\u00e8ncia i Conselleria de Servicis Socials, Igualtat i Vivenda, per la que s&#8217;aproven les bases reguladores per a la concessi\u00f3 d&#8217;ajudes del Programa d&#8217;ajudes al lloguer de vivendas del Pla estatal per a l&#8217;acc\u00e9s a la vivenda 2022-2025, corresponents a l&#8217;exercici 2024<\/a><span style=\"color: #1b1b1b; font-family: Roboto, Arial, Verdana, sans-serif; font-size: 14px; text-align: justify;\">.<\/span><span style=\"font-size: 10.5pt; font-family: Roboto; color: #1b1b1b;\"><br><\/span><\/h3>\n<h3 style=\"margin-top: 0cm; background-image: initial; background-position: initial; background-size: initial; background-repeat: initial; background-attachment: initial; background-origin: initial; background-clip: initial;\"><span style=\"color: #1b1b1b; font-family: Roboto, Arial, Verdana, sans-serif; font-size: 14px; text-align: justify;\">S&#8217;ha publicat el <b>12 d&#8217;agost de 2024<\/b>, en el DOGV, <\/span><a style=\"color: #c70f2d; text-decoration-line: underline; font-family: Roboto, Arial, Verdana, sans-serif; font-size: 14px; text-align: justify; background-color: #ffffff;\" href=\"https:\/\/nousespais.es\/wp-content\/uploads\/2024\/09\/2024_8341_es.pdf\">les bases reguladores per a la concessi\u00f3 d&#8217;ajudes del Programa d&#8217;ajudes al lloguer de vivendes, corresponents a l&#8217;exercici 2024<\/a><span style=\"color: #1b1b1b; font-family: Roboto, Arial, Verdana, sans-serif; font-size: 14px; text-align: justify;\">.<\/span><span style=\"font-size: 10.5pt; font-family: Roboto; color: #1b1b1b;\"><br><\/span><\/h3>\n<h3 style=\"margin-top: 0cm; background-image: initial; background-position: initial; background-size: initial; background-repeat: initial; background-attachment: initial; background-origin: initial; background-clip: initial;\"><span style=\"color: #1b1b1b; font-family: Roboto, Arial, Verdana, sans-serif; font-size: 14px; text-align: justify;\">S&#8217;ha publicat el <b>12<\/b><\/span><span style=\"font-weight: 600; color: #1b1b1b; font-family: Roboto, Arial, Verdana, sans-serif; font-size: 14px; text-align: justify;\"> de setembre de 2024<\/span><span style=\"color: #1b1b1b; font-family: Roboto, Arial, Verdana, sans-serif; font-size: 14px; text-align: justify;\">, en el DOGV, la <\/span><a style=\"color: #c70f2d; text-decoration-line: underline; font-family: Roboto, Arial, Verdana, sans-serif; font-size: 14px; text-align: justify; background-color: #ffffff;\" href=\"https:\/\/dogv.gva.es\/es\/resultat-dogv?signatura=2024\/9139&amp;term=INSTITUT%20VALENCI%C3%80%20DE%20FINANCES\">RESOLUCI\u00d3 de 9 de setembre de 2024, per la que es procedeix a la convocat\u00f2ria per a la concessi\u00f3 d&#8217;ajudes del Programa d&#8217;ajudes al lloguer de vivendes, del Pla estatal per a l&#8217;acc\u00e9 a la vivenda 2022-2025, corresponents a l&#8217;exercici 2024.<\/a><span style=\"font-size: 15px;\">&nbsp;<\/span><span style=\"font-size: 15px;\">&nbsp;<\/span><\/h3>\n<h5><u>Bases reguladores i convocat\u00f2ria <\/u><b style=\"font-size: 15px; background-color: #ffffff;\"><a href=\"https:\/\/habitatge.gva.es\/va\/web\/vivienda-y-calidad-en-la-edificacion\/ajudes-al-lloguer-d-habitatge-2024\/bases-i-convocatoria\">a\u00e7\u00ed<\/a><\/b><\/h5>\n<div>&nbsp;<\/div>\n<p><\/p>\n<div>\n<h5 style=\"font-family: 'Open Sans', sans-serif; color: #000000;\"><span style=\"text-decoration-line: underline;\"><span style=\"color: #0000ff;\"><span style=\"font-weight: bolder;\"><em>LLISTAT PROVISIONAL DE SOL\u00b7LICITUDS COMPLETES, INCOMPLETES I AMB PROPOSTA DE DENEGACI\u00d3<\/em><\/span><\/span><\/span><\/h5>\n<h6>Amb data 18 de novembre de 2024 es procedix a publicar en la web de la Vicepresid\u00e8ncia i Conselleria de Servicis Socials, Igualtat i Vivenda, el llistat provisional de les sol\u00b7licituds admeses la documentaci\u00f3 de les quals est\u00e0 completa i aquelles que han d&#8217;aportar documentaci\u00f3, per resultar incompleta la documentaci\u00f3 presentada o per incompliment dels requisits exigits per a resultar persona benefici\u00e0ria de l&#8217;ajuda (proposta de denegaci\u00f3), d&#8217;acord amb el que es disposa en la Base catorzena, apartat 3 de la Resoluci\u00f3 de 5 d&#8217;agost de 2024, per la qual s&#8217;aproven les bases reguladores per a la concessi\u00f3 d&#8217;ajudes del Programa d&#8217;ajudes al lloguer de vivendes del Pla estatal per a l&#8217;acc\u00e9s a la vivenda 2022-2025, corresponents a l&#8217;exercici 2024.&nbsp;<\/h6>\n<div>\n<h6><span style=\"color: #0f0f0f; font-family: Roboto, sans-serif;\">El termini per a formular al\u00b7legacions, aportar documentaci\u00f3 i\/o esmenar les objeccions ser\u00e0 <span style=\"text-decoration: underline; color: #ff0000;\"><strong>des del dia 19 de novembre fins al 2 de desembre de 2024<\/strong><\/span>, tots dos inclusivament.<\/span>&nbsp;<\/h6>\n<h6><span style=\"color: #0f0f0f; font-family: Roboto, sans-serif;\">Per a consultar la documentaci\u00f3 preceptiva necess\u00e0ria per a completar el seu expedient i\/o esmenar els motius d&#8217;exclusi\u00f3 o formular les al\u00b7legacions o presentar els documents que tinga per convenient, si \u00e9s el cas, haur\u00e0 d&#8217;accedir a trav\u00e9s de l&#8217;enlla\u00e7 que s&#8217;establix a continuaci\u00f3, introduint el NIF o NIE i els \u00faltims 6 d\u00edgits del compte bancari que va indicar en la sol\u00b7licitud. <b>CONSULTA LA TEUA NOTIFICACI\u00d3&nbsp;<\/b><\/span><a href=\"https:\/\/sforms.gva.es\/sformssistemaexplotacion\/servletObtenerXMLns\/ObtenerXMLorig?formulario=62228&amp;SF_SIS_ICP=2&amp;ssl_redireccionado=true&amp;idsesion=1731939810766\" target=\"_blank\"><b><i>a\u00e7\u00ed<\/i><\/b><\/a><span style=\"color: #0f0f0f; font-family: Roboto, sans-serif;\">.<\/span><\/h6>\n<h6><span style=\"color: #0f0f0f; font-family: Roboto, sans-serif;\">M\u00e9s informaci\u00f3&nbsp;<\/span><a href=\"https:\/\/habitatge.gva.es\/va\/web\/vivienda-y-calidad-en-la-edificacion\/ajudes-al-lloguer-d-habitatge-2024\/seguiment-sol-licituds-presentades\" target=\"_blank\"><b><i>a\u00e7\u00ed<\/i><\/b><\/a><span style=\"color: #0f0f0f; font-family: Roboto, sans-serif;\">.<\/span><\/h6>\n<\/div>\n<\/div>\t\t\t\t\t\t\t\t<\/div>\n\t\t\t\t<\/div>\n\t\t\t\t<div class=\"elementor-element elementor-element-61216c1 elementor-icon-list--layout-traditional elementor-list-item-link-full_width elementor-widget elementor-widget-icon-list\" data-id=\"61216c1\" data-element_type=\"widget\" data-widget_type=\"icon-list.default\">\n\t\t\t\t<div class=\"elementor-widget-container\">\n\t\t\t\t\t\t\t<ul class=\"elementor-icon-list-items\">\n\t\t\t\t\t\t\t<li class=\"elementor-icon-list-item\">\n\t\t\t\t\t\t\t\t\t\t\t<a href=\"https:\/\/nousespais.es\/wp-content\/uploads\/2024\/09\/INFO-COMPLETA.pdf\" target=\"_blank\">\n\n\t\t\t\t\t\t\t\t\t\t\t\t<span class=\"elementor-icon-list-icon\">\n\t\t\t\t\t\t\t<svg xmlns=\"http:\/\/www.w3.org\/2000\/svg\" width=\"18.774\" height=\"24.316\" viewBox=\"0 0 18.774 24.316\"><g id=\"noun-pdf-3071298\" transform=\"translate(-145.349 -9.828)\"><path id=\"Trazado_219\" data-name=\"Trazado 219\" d=\"M213.376,136.465a2.248,2.248,0,0,0,1.548-.449,1.744,1.744,0,0,0,.5-1.4,1.856,1.856,0,0,0-.5-1.423,2.274,2.274,0,0,0-1.573-.474h-1.673v5.193h1.049v-1.448Zm-.649-2.746h.6a1.3,1.3,0,0,1,.774.2.749.749,0,0,1,.25.649,1.033,1.033,0,0,1-.2.674.929.929,0,0,1-.724.225h-.7Z\" transform=\"translate(-63.133 -117.175)\" fill=\"#231f20\"><\/path><path id=\"Trazado_220\" data-name=\"Trazado 220\" d=\"M309.963,136.653a2.643,2.643,0,0,0,.649-1.922,2.591,2.591,0,0,0-.674-1.9,2.637,2.637,0,0,0-1.947-.674h-1.673v5.193h1.623a2.563,2.563,0,0,0,2.022-.7Zm-.8-.7a1.416,1.416,0,0,1-1.1.4h-.674v-3.171h.6a1.628,1.628,0,0,1,1.2.424,1.707,1.707,0,0,1,.4,1.173,1.846,1.846,0,0,1-.424,1.173Z\" transform=\"translate(-153.554 -116.639)\" fill=\"#231f20\"><\/path><path id=\"Trazado_221\" data-name=\"Trazado 221\" d=\"M418.764,133.743v-1.024h-3.245v5.193h1.049v-2.047h2.072v-1h-2.072v-1.123Z\" transform=\"translate(-257.887 -117.174)\" fill=\"#231f20\"><\/path><path id=\"Trazado_222\" data-name=\"Trazado 222\" d=\"M162.25,10.078H147.172a1.566,1.566,0,0,0-1.573,1.573V30.074a1.566,1.566,0,0,0,1.573,1.573h3.47l-.949-.949h-2.5a.618.618,0,0,1-.624-.624V11.651a.618.618,0,0,1,.624-.624h15.1a.618.618,0,0,1,.624.624V30.074a.618.618,0,0,1-.624.624h-2.147l-.949.949h3.1a1.566,1.566,0,0,0,1.573-1.573V11.651a1.626,1.626,0,0,0-1.623-1.573Z\" transform=\"translate(0 0)\" fill=\"#231f20\"><\/path><path id=\"Trazado_222_-_Contorno\" data-name=\"Trazado 222 - Contorno\" d=\"M147.172,9.828H162.25a1.884,1.884,0,0,1,1.873,1.816V30.074A1.825,1.825,0,0,1,162.3,31.9h-3.7l1.449-1.449h2.25a.37.37,0,0,0,.374-.374V11.651a.37.37,0,0,0-.374-.374H147.2a.37.37,0,0,0-.374.374V30.074a.37.37,0,0,0,.374.374h2.6l1.449,1.449h-4.074a1.825,1.825,0,0,1-1.823-1.823V11.651A1.825,1.825,0,0,1,147.172,9.828Zm16.451,1.827a1.381,1.381,0,0,0-1.373-1.327H147.172a1.309,1.309,0,0,0-1.323,1.323V30.074a1.309,1.309,0,0,0,1.323,1.323h2.866l-.449-.449H147.2a.865.865,0,0,1-.874-.874V11.651a.865.865,0,0,1,.874-.874h15.1a.865.865,0,0,1,.874.874V30.074a.865.865,0,0,1-.874.874h-2.043l-.449.449H162.3a1.309,1.309,0,0,0,1.323-1.323Z\" transform=\"translate(0 0)\" fill=\"#231f20\"><\/path><path id=\"Trazado_223\" data-name=\"Trazado 223\" d=\"M237.268,311.739l-3.27-.025v-5.392H229.5v5.317l-3.27-.05,5.592,5.592Z\" transform=\"translate(-77.04 -283.037)\" fill=\"#231f20\"><\/path><\/g><\/svg>\t\t\t\t\t\t<\/span>\n\t\t\t\t\t\t\t\t\t\t<span class=\"elementor-icon-list-text\"> INFORMACI\u00d3 AJUDA LLOGUER GVA 2024<\/span>\n\t\t\t\t\t\t\t\t\t\t\t<\/a>\n\t\t\t\t\t\t\t\t\t<\/li>\n\t\t\t\t\t\t<\/ul>\n\t\t\t\t\t\t<\/div>\n\t\t\t\t<\/div>\n\t\t\t\t<div class=\"elementor-element elementor-element-7efeb976 elementor-widget elementor-widget-image\" data-id=\"7efeb976\" data-element_type=\"widget\" data-widget_type=\"image.default\">\n\t\t\t\t<div class=\"elementor-widget-container\">\n\t\t\t\t\t\t\t\t\t\t\t\t\t\t\t<img fetchpriority=\"high\" decoding=\"async\" width=\"1280\" height=\"720\" src=\"https:\/\/nousespais.es\/wp-content\/uploads\/2024\/09\/cartel_alquiler_2024-Ministerio-GVA_val-1.bmp\" class=\"attachment-full size-full wp-image-78224\" alt=\"\" srcset=\"https:\/\/nousespais.es\/wp-content\/uploads\/2024\/09\/cartel_alquiler_2024-Ministerio-GVA_val-1.bmp 1280w, https:\/\/nousespais.es\/wp-content\/uploads\/2024\/09\/cartel_alquiler_2024-Ministerio-GVA_val-1-300x169.jpg 300w, https:\/\/nousespais.es\/wp-content\/uploads\/2024\/09\/cartel_alquiler_2024-Ministerio-GVA_val-1-1024x576.jpg 1024w, https:\/\/nousespais.es\/wp-content\/uploads\/2024\/09\/cartel_alquiler_2024-Ministerio-GVA_val-1-768x432.jpg 768w\" sizes=\"(max-width: 1280px) 100vw, 1280px\" \/>\t\t\t\t\t\t\t\t\t\t\t\t\t\t\t<\/div>\n\t\t\t\t<\/div>\n\t\t\t\t<div class=\"elementor-element elementor-element-17348d8f elementor-align-left elementor-widget elementor-widget-button\" data-id=\"17348d8f\" data-element_type=\"widget\" data-widget_type=\"button.default\">\n\t\t\t\t<div class=\"elementor-widget-container\">\n\t\t\t\t\t\t\t\t\t<div class=\"elementor-button-wrapper\">\n\t\t\t\t\t<a class=\"elementor-button elementor-button-link elementor-size-sm\" href=\"https:\/\/nousespais.es\/va\/noticies\/\">\n\t\t\t\t\t\t<span class=\"elementor-button-content-wrapper\">\n\t\t\t\t\t\t\t\t\t<span class=\"elementor-button-text\">TORNAR<\/span>\n\t\t\t\t\t<\/span>\n\t\t\t\t\t<\/a>\n\t\t\t\t<\/div>\n\t\t\t\t\t\t\t\t<\/div>\n\t\t\t\t<\/div>\n\t\t\t\t<section class=\"elementor-section elementor-inner-section elementor-element elementor-element-8444ed6 elementor-section-boxed elementor-section-height-default elementor-section-height-default\" data-id=\"8444ed6\" data-element_type=\"section\">\n\t\t\t\t\t\t<div class=\"elementor-container elementor-column-gap-default\">\n\t\t\t\t\t<div class=\"elementor-column elementor-col-100 elementor-inner-column elementor-element elementor-element-96539a1\" data-id=\"96539a1\" data-element_type=\"column\">\n\t\t\t<div class=\"elementor-widget-wrap\">\n\t\t\t\t\t\t\t<\/div>\n\t\t<\/div>\n\t\t\t\t\t<\/div>\n\t\t<\/section>\n\t\t\t\t\t<\/div>\n\t\t<\/div>\n\t\t\t\t\t<\/div>\n\t\t<\/section>\n\t\t\t\t<\/div>\n\t\t","protected":false},"excerpt":{"rendered":"<p>AJUDES LLOGUER GVA 2024 Termini de presentaci\u00f3: fins el 4 d&#8217;octubre de 2024 (inclusivament). S&#8217;ha publicat el 19 d&#8217;agosto de 2024, en el DOGV, la CORRECCI\u00d3 D&#8217;ERRORS de la Resoluci\u00f3 de 5 d&#8217;agosto de 2024, de la Vicepresid\u00e8ncia i Conselleria de Servicis Socials, Igualtat i Vivenda, per la que s&#8217;aproven les bases reguladores per a [&hellip;]<\/p>\n","protected":false},"author":4,"featured_media":78158,"comment_status":"closed","ping_status":"open","sticky":false,"template":"elementor_header_footer","format":"standard","meta":{"_acf_changed":false,"footnotes":""},"categories":[5],"tags":[],"class_list":["post-78202","post","type-post","status-publish","format-standard","has-post-thumbnail","hentry","category-noticias"],"acf":[],"_links":{"self":[{"href":"https:\/\/nousespais.es\/va\/wp-json\/wp\/v2\/posts\/78202","targetHints":{"allow":["GET"]}}],"collection":[{"href":"https:\/\/nousespais.es\/va\/wp-json\/wp\/v2\/posts"}],"about":[{"href":"https:\/\/nousespais.es\/va\/wp-json\/wp\/v2\/types\/post"}],"author":[{"embeddable":true,"href":"https:\/\/nousespais.es\/va\/wp-json\/wp\/v2\/users\/4"}],"replies":[{"embeddable":true,"href":"https:\/\/nousespais.es\/va\/wp-json\/wp\/v2\/comments?post=78202"}],"version-history":[{"count":10,"href":"https:\/\/nousespais.es\/va\/wp-json\/wp\/v2\/posts\/78202\/revisions"}],"predecessor-version":[{"id":93251,"href":"https:\/\/nousespais.es\/va\/wp-json\/wp\/v2\/posts\/78202\/revisions\/93251"}],"wp:featuredmedia":[{"embeddable":true,"href":"https:\/\/nousespais.es\/va\/wp-json\/wp\/v2\/media\/78158"}],"wp:attachment":[{"href":"https:\/\/nousespais.es\/va\/wp-json\/wp\/v2\/media?parent=78202"}],"wp:term":[{"taxonomy":"category","embeddable":true,"href":"https:\/\/nousespais.es\/va\/wp-json\/wp\/v2\/categories?post=78202"},{"taxonomy":"post_tag","embeddable":true,"href":"https:\/\/nousespais.es\/va\/wp-json\/wp\/v2\/tags?post=78202"}],"curies":[{"name":"wp","href":"https:\/\/api.w.org\/{rel}","templated":true}]}}