{"id":9527,"date":"2023-02-28T12:52:05","date_gmt":"2023-02-28T12:52:05","guid":{"rendered":"https:\/\/nousespais.es\/2n-any-ajudes-lloguer-gva-2022\/"},"modified":"2023-02-28T13:23:12","modified_gmt":"2023-02-28T13:23:12","slug":"2n-any-ajudes-lloguer-gva-2022","status":"publish","type":"post","link":"https:\/\/nousespais.es\/va\/2n-any-ajudes-lloguer-gva-2022\/","title":{"rendered":"2n ANY AJUDES LLOGUER GVA 2022"},"content":{"rendered":"\t\t<div data-elementor-type=\"wp-post\" data-elementor-id=\"9527\" class=\"elementor elementor-9527\" data-elementor-post-type=\"post\">\n\t\t\t\t\t\t<section class=\"elementor-section elementor-top-section elementor-element elementor-element-78c62707 elementor-section-boxed elementor-section-height-default elementor-section-height-default\" data-id=\"78c62707\" data-element_type=\"section\">\n\t\t\t\t\t\t<div class=\"elementor-container elementor-column-gap-default\">\n\t\t\t\t\t<div class=\"elementor-column elementor-col-100 elementor-top-column elementor-element elementor-element-73ae022e\" data-id=\"73ae022e\" data-element_type=\"column\">\n\t\t\t<div class=\"elementor-widget-wrap elementor-element-populated\">\n\t\t\t\t\t\t<div class=\"elementor-element elementor-element-7efeb976 elementor-widget elementor-widget-image\" data-id=\"7efeb976\" data-element_type=\"widget\" data-widget_type=\"image.default\">\n\t\t\t\t<div class=\"elementor-widget-container\">\n\t\t\t\t\t\t\t\t\t\t\t\t\t\t\t<img fetchpriority=\"high\" decoding=\"async\" width=\"340\" height=\"200\" src=\"https:\/\/nousespais.es\/wp-content\/uploads\/2020\/02\/art-9-ayudas-alquiler-gv-plan-2015-2016.jpg\" class=\"attachment-full size-full wp-image-5616\" alt=\"\" srcset=\"https:\/\/nousespais.es\/wp-content\/uploads\/2020\/02\/art-9-ayudas-alquiler-gv-plan-2015-2016.jpg 340w, https:\/\/nousespais.es\/wp-content\/uploads\/2020\/02\/art-9-ayudas-alquiler-gv-plan-2015-2016-300x176.jpg 300w\" sizes=\"(max-width: 340px) 100vw, 340px\" \/>\t\t\t\t\t\t\t\t\t\t\t\t\t\t\t<\/div>\n\t\t\t\t<\/div>\n\t\t\t\t<div class=\"elementor-element elementor-element-14f36270 elementor-widget elementor-widget-heading\" data-id=\"14f36270\" data-element_type=\"widget\" data-widget_type=\"heading.default\">\n\t\t\t\t<div class=\"elementor-widget-container\">\n\t\t\t\t\t<h2 class=\"elementor-heading-title elementor-size-default\">2n ANY CONCESSI\u00d3 AJUDES LLOGUER GVA 2022<\/h2>\t\t\t\t<\/div>\n\t\t\t\t<\/div>\n\t\t\t\t<div class=\"elementor-element elementor-element-3471842 elementor-widget elementor-widget-text-editor\" data-id=\"3471842\" data-element_type=\"widget\" data-widget_type=\"text-editor.default\">\n\t\t\t\t<div class=\"elementor-widget-container\">\n\t\t\t\t\t\t\t\t\t<h3><strong><span style=\"text-decoration: underline;\"><em>AJUDA LLOGUER GVA<\/em><\/span><\/strong><\/h3>\n<h6>Per a l<b>&#8216;abonament de l&#8217;ajuda corresponent al 2n any de concessi\u00f3<\/b>, ser\u00e0 necessari que es continuen mantenint les circumst\u00e0ncies i requisits exigits en les bases reguladores que van permetre l&#8217;acc\u00e9s a l&#8217;ajuda, per la qual cosa les persones benefici\u00e0ries hauran d&#8217;aportar<\/h6>\n<ul>\n<li>\n<h6> <b><u>Sol\u00b7licitud de pagament de l&#8217;ajuda i declaraci\u00f3 responsable que continuen concorrent tals circumst\u00e0ncies i requisits.<\/u><\/b><\/h6>\n<\/li>\n<li>\n<h6>C\u00f2pia completa del contracte d&#8217;arrendament o de cessi\u00f3 d&#8217;\u00fas de l&#8217;habitatge o contracte de cessi\u00f3 d&#8217;\u00fas o d&#8217;arrendament d&#8217;una habitaci\u00f3.<\/h6>\n<\/li>\n<li>\n<h6>Volant \u00fanic d&#8217;empadronament que acredite les persones que tenen el seu domicili habitual en l&#8217;habitatge objecte del contracte.<\/h6>\n<\/li>\n<li>\n<h6>Els rebuts justificatius segons les dates que s&#8217;indiquen en el quadre seg\u00fcent.<\/h6>\n<\/li>\n<\/ul>\n<h6><span style=\"color: #0f0f0f; font-family: Roboto, sans-serif;\">Podr\u00e0 presentar aqueixa documentaci\u00f3 en aquest enlla\u00e7:<\/span><\/h6>\n<div>\n<h6 style=\"margin-top: 0cm; background-image: initial; background-position: initial; background-size: initial; background-repeat: initial; background-attachment: initial; background-origin: initial; background-clip: initial;\"><em><strong><span style=\"font-size: 10.5pt; font-family: Roboto; color: #1b1b1b;\"><a href=\"https:\/\/www.gva.es\/es\/inicio\/procedimientos?id_proc=22946\">https:\/\/www.gva.es\/es\/inicio\/procedimientos?id_proc=22946<\/a><\/span><\/strong><\/em><\/h6>\n<\/div>\n\t\t\t\t\t\t\t\t<\/div>\n\t\t\t\t<\/div>\n\t\t\t\t<div class=\"elementor-element elementor-element-99112d5 elementor-widget elementor-widget-image\" data-id=\"99112d5\" data-element_type=\"widget\" data-widget_type=\"image.default\">\n\t\t\t\t<div class=\"elementor-widget-container\">\n\t\t\t\t\t\t\t\t\t\t\t\t\t\t\t<img decoding=\"async\" width=\"800\" height=\"426\" src=\"https:\/\/nousespais.es\/wp-content\/uploads\/2023\/02\/VAL-ayudas-gva-2-conv-2023-1024x545.jpg\" class=\"attachment-large size-large wp-image-9526\" alt=\"\" srcset=\"https:\/\/nousespais.es\/wp-content\/uploads\/2023\/02\/VAL-ayudas-gva-2-conv-2023-1024x545.jpg 1024w, https:\/\/nousespais.es\/wp-content\/uploads\/2023\/02\/VAL-ayudas-gva-2-conv-2023-300x160.jpg 300w, https:\/\/nousespais.es\/wp-content\/uploads\/2023\/02\/VAL-ayudas-gva-2-conv-2023-768x409.jpg 768w, https:\/\/nousespais.es\/wp-content\/uploads\/2023\/02\/VAL-ayudas-gva-2-conv-2023.jpg 1438w\" sizes=\"(max-width: 800px) 100vw, 800px\" \/>\t\t\t\t\t\t\t\t\t\t\t\t\t\t\t<\/div>\n\t\t\t\t<\/div>\n\t\t\t\t<div class=\"elementor-element elementor-element-7dfedfc elementor-widget elementor-widget-text-editor\" data-id=\"7dfedfc\" data-element_type=\"widget\" data-widget_type=\"text-editor.default\">\n\t\t\t\t<div class=\"elementor-widget-container\">\n\t\t\t\t\t\t\t\t\t<h3><strong><span style=\"text-decoration: underline;\"><em>BONO JOVE <\/em><\/span><\/strong><\/h3>\n<h6>Per a <b>l&#8217;abonament de l&#8217;ajuda corresponent al 2n any de concessi\u00f3<\/b>, ser\u00e0 necessari que es continuen mantenint les circumst\u00e0ncies i requisits exigits en les bases reguladores que van permetre l&#8217;acc\u00e9s a l&#8217;ajuda, hauran de presentar els rebuts justificatius segons les dates que s&#8217;indiquen en el quadre seg\u00fcent.<\/h6>\n<h6>Podr\u00e0 presentar aqueixa documentaci\u00f3 en aquest enlla\u00e7:<\/h6>\n<div>\n<p style=\"margin-top: 0cm; background-image: initial; background-position: initial; background-size: initial; background-repeat: initial; background-attachment: initial; background-origin: initial; background-clip: initial;\"><a href=\"https:\/\/www.gva.es\/es\/inicio\/procedimientos?id_proc=22652&amp;version=amp\" target=\"_blank\" rel=\"noopener\"><b><i>https:\/\/www.gva.es\/es\/inicio\/procedimientos?id_proc=22652&amp;version=amp<\/i><\/b><\/a><\/p>\n<p style=\"margin-top: 0cm; background-image: initial; background-position: initial; background-size: initial; background-repeat: initial; background-attachment: initial; background-origin: initial; background-clip: initial;\">\n<p style=\"margin-top: 0cm; background-image: initial; background-position: initial; background-size: initial; background-repeat: initial; background-attachment: initial; background-origin: initial; background-clip: initial;\"><span style=\"font-size: 10.5pt; font-family: Roboto; mso-fareast-font-family: Calibri; mso-fareast-theme-font: minor-latin; mso-bidi-font-family: Calibri; color: #1b1b1b; mso-ansi-language: ES; mso-fareast-language: EN-US; mso-bidi-language: AR-SA;\"><!-- [if gte vml 1]><v:shapetype id=\"_x0000_t75\" coordsize=\"21600,21600\" o:spt=\"75\" o:preferrelative=\"t\" path=\"m@4@5l@4@11@9@11@9@5xe\" filled=\"f\" stroked=\"f\"><br \/> <v:stroke joinstyle=\"miter\"\/>\n\n  <v:f eqn=\"if lineDrawn pixelLineWidth 0\"\/><br \/>  <v:f eqn=\"sum @0 1 0\"\/><br \/>  <v:f eqn=\"sum 0 0 @1\"\/><br \/>  <v:f eqn=\"prod @2 1 2\"\/><br \/>  <v:f eqn=\"prod @3 21600 pixelWidth\"\/><br \/>  <v:f eqn=\"prod @3 21600 pixelHeight\"\/><br \/>  <v:f eqn=\"sum @0 0 1\"\/><br \/>  <v:f eqn=\"prod @6 1 2\"\/><br \/>  <v:f eqn=\"prod @7 21600 pixelWidth\"\/><br \/>  <v:f eqn=\"sum @8 21600 0\"\/><br \/>  <v:f eqn=\"prod @7 21600 pixelHeight\"\/><br \/>  <v:f eqn=\"sum @10 21600 0\"\/>\n\n <v:path o:extrusionok=\"f\" gradientshapeok=\"t\" o:connecttype=\"rect\"\/><br \/> <o:lock v:ext=\"edit\" aspectratio=\"t\"\/><br \/><v:shape id=\"Imagen_x0020_5\" o:spid=\"_x0000_i1025\" type=\"#_x0000_t75\" alt=\"\" style='width:400.5pt;height:264.75pt'><br \/> <v:imagedata src=\"file:\/\/\/C:\/Users\/LAURA~1.NOU\/AppData\/Local\/Temp\/msohtmlclip1\/01\/clip_image001.jpg\" o:href=\"cid:image004.jpg@01D94B7A.4DCF60F0\"\/><br \/><![endif]--><\/span><\/p>\n<\/div>\n\t\t\t\t\t\t\t\t<\/div>\n\t\t\t\t<\/div>\n\t\t\t\t<div class=\"elementor-element elementor-element-e7db6e4 elementor-widget elementor-widget-image\" data-id=\"e7db6e4\" data-element_type=\"widget\" data-widget_type=\"image.default\">\n\t\t\t\t<div class=\"elementor-widget-container\">\n\t\t\t\t\t\t\t\t\t\t\t\t\t\t\t<img decoding=\"async\" width=\"583\" height=\"385\" src=\"https:\/\/nousespais.es\/wp-content\/uploads\/2023\/02\/VAL-ayudas-bono-joven-2-conv-2023.jpg\" class=\"attachment-large size-large wp-image-9524\" alt=\"\" srcset=\"https:\/\/nousespais.es\/wp-content\/uploads\/2023\/02\/VAL-ayudas-bono-joven-2-conv-2023.jpg 583w, https:\/\/nousespais.es\/wp-content\/uploads\/2023\/02\/VAL-ayudas-bono-joven-2-conv-2023-300x198.jpg 300w\" sizes=\"(max-width: 583px) 100vw, 583px\" \/>\t\t\t\t\t\t\t\t\t\t\t\t\t\t\t<\/div>\n\t\t\t\t<\/div>\n\t\t\t\t<div class=\"elementor-element elementor-element-17348d8f elementor-align-left elementor-widget elementor-widget-button\" data-id=\"17348d8f\" data-element_type=\"widget\" data-widget_type=\"button.default\">\n\t\t\t\t<div class=\"elementor-widget-container\">\n\t\t\t\t\t\t\t\t\t<div class=\"elementor-button-wrapper\">\n\t\t\t\t\t<a class=\"elementor-button elementor-button-link elementor-size-sm\" href=\"https:\/\/nousespais.es\/va\/noticies\/\">\n\t\t\t\t\t\t<span class=\"elementor-button-content-wrapper\">\n\t\t\t\t\t\t\t\t\t<span class=\"elementor-button-text\">TORNAR<\/span>\n\t\t\t\t\t<\/span>\n\t\t\t\t\t<\/a>\n\t\t\t\t<\/div>\n\t\t\t\t\t\t\t\t<\/div>\n\t\t\t\t<\/div>\n\t\t\t\t\t<\/div>\n\t\t<\/div>\n\t\t\t\t\t<\/div>\n\t\t<\/section>\n\t\t\t\t<\/div>\n\t\t","protected":false},"excerpt":{"rendered":"<p>2n ANY CONCESSI\u00d3 AJUDES LLOGUER GVA 2022 AJUDA LLOGUER GVA Per a l&#8216;abonament de l&#8217;ajuda corresponent al 2n any de concessi\u00f3, ser\u00e0 necessari que es continuen mantenint les circumst\u00e0ncies i requisits exigits en les bases reguladores que van permetre l&#8217;acc\u00e9s a l&#8217;ajuda, per la qual cosa les persones benefici\u00e0ries hauran d&#8217;aportar Sol\u00b7licitud de pagament de [&hellip;]<\/p>\n","protected":false},"author":1,"featured_media":5617,"comment_status":"closed","ping_status":"open","sticky":false,"template":"elementor_header_footer","format":"standard","meta":{"_acf_changed":false,"footnotes":""},"categories":[24],"tags":[],"class_list":["post-9527","post","type-post","status-publish","format-standard","has-post-thumbnail","hentry","category-noticies"],"acf":[],"_links":{"self":[{"href":"https:\/\/nousespais.es\/va\/wp-json\/wp\/v2\/posts\/9527","targetHints":{"allow":["GET"]}}],"collection":[{"href":"https:\/\/nousespais.es\/va\/wp-json\/wp\/v2\/posts"}],"about":[{"href":"https:\/\/nousespais.es\/va\/wp-json\/wp\/v2\/types\/post"}],"author":[{"embeddable":true,"href":"https:\/\/nousespais.es\/va\/wp-json\/wp\/v2\/users\/1"}],"replies":[{"embeddable":true,"href":"https:\/\/nousespais.es\/va\/wp-json\/wp\/v2\/comments?post=9527"}],"version-history":[{"count":4,"href":"https:\/\/nousespais.es\/va\/wp-json\/wp\/v2\/posts\/9527\/revisions"}],"predecessor-version":[{"id":9531,"href":"https:\/\/nousespais.es\/va\/wp-json\/wp\/v2\/posts\/9527\/revisions\/9531"}],"wp:featuredmedia":[{"embeddable":true,"href":"https:\/\/nousespais.es\/va\/wp-json\/wp\/v2\/media\/5617"}],"wp:attachment":[{"href":"https:\/\/nousespais.es\/va\/wp-json\/wp\/v2\/media?parent=9527"}],"wp:term":[{"taxonomy":"category","embeddable":true,"href":"https:\/\/nousespais.es\/va\/wp-json\/wp\/v2\/categories?post=9527"},{"taxonomy":"post_tag","embeddable":true,"href":"https:\/\/nousespais.es\/va\/wp-json\/wp\/v2\/tags?post=9527"}],"curies":[{"name":"wp","href":"https:\/\/api.w.org\/{rel}","templated":true}]}}